{"id":175908,"date":"2021-12-23T04:35:06","date_gmt":"2021-12-23T09:35:06","guid":{"rendered":"https:\/\/capturetheatlas.com\/?p=175908"},"modified":"2023-10-06T22:41:03","modified_gmt":"2023-10-07T03:41:03","slug":"que-ver-en-el-medano","status":"publish","type":"post","link":"https:\/\/capturetheatlas.com\/es\/que-ver-en-el-medano\/","title":{"rendered":"Qu\u00e9 Ver en El M\u00e9dano, el Pueblo M\u00e1s Bonito de Tenerife"},"content":{"rendered":"<p style=\"text-align: justify;\"><strong>El M\u00e9dano<\/strong> es una ciudad a la que peregrinan turistas y aficionados al surf, windsurf o kitesurf durante todo el a\u00f1o. Los primeros lo hacen por la cantidad de cosas que ver y hacer en el M\u00e9dano; los segundos, por la extensi\u00f3n de sus playas y el viento que agita su mar.<\/p>\n<p style=\"text-align: justify;\">Practiques o no deportes acu\u00e1ticos, las <strong>playas de El M\u00e9dano<\/strong> est\u00e1n entre las <a href=\"https:\/\/capturetheatlas.com\/es\/playas-tenerife\/\" target=\"_blank\" rel=\"noopener\"><strong>playas m\u00e1s bonitas de Tenerife,<\/strong><\/a> por lo que no puedes perd\u00e9rtelas. Tambi\u00e9n vas a poder hacer senderismo para conseguir una vista privilegiada de ese paisaje costero \u00fanico que solo ver\u00e1s en El M\u00e9dano.<\/p>\n<p style=\"text-align: justify;\">Pero hay muchos <strong>m\u00e1s sitios que ver en el M\u00e9dano<\/strong>, un pueblo que tambi\u00e9n te encantar\u00e1 por su ambiente y sus encantadores sitios para comer y beber. Para que no te pierdas nada, en esta gu\u00eda te dejo:<\/p>\n<ul style=\"text-align: justify;\">\n<li style=\"list-style-type: none;\">\n<ul style=\"text-align: justify;\">\n<li><a href=\"#playas\">Mejores playas del M\u00e9dano<\/a><\/li>\n<li><a href=\"#parajesnaturales\">Otros parajes naturales<\/a><\/li>\n<li><a href=\"#cueva\">Cueva del Hermano Pedro<\/a><\/li>\n<li><a href=\"#comer\">D\u00f3nde comer<\/a><\/li>\n<li><a href=\"#alojarse\">D\u00f3nde alojarse<\/a><\/li>\n<li><a name=\"playas\"><\/a><a href=\"#mapa\">Mapa<\/a><\/li>\n<\/ul>\n<\/li>\n<\/ul>\n<h2 style=\"text-align: justify;\"><strong>Playas de El M\u00e9dano que no puedes perderte<\/strong><\/h2>\n<p style=\"text-align: justify;\">La ciudad costera de El M\u00e9dano lleva muchos a\u00f1os atrayendo a surfistas que buscan las mejores olas. Pero no hace falta que seas un aficionado de los deportes acu\u00e1ticos para que las disfrutes.&nbsp;&nbsp;<\/p>\n<p style=\"text-align: justify;\">Sus aguas profundas y ubicaci\u00f3n son perfectas para pasar el d\u00eda en familia o con amigos. Por algo sus playas es de lo <a href=\"https:\/\/capturetheatlas.com\/es\/sur-de-tenerife-que-ver\/\" target=\"_blank\" rel=\"noopener\">mejor que ver en el sur de Tenerife<\/a>. Y, en concreto, la <strong>playa de El M\u00e9dano, si el tiempo te lo permite, es perfecta para fotografiar.<\/strong>&nbsp; Pero no es la \u00fanica que te va a encantar aqu\u00ed.&nbsp;<\/p>\n<h3 style=\"text-align: justify;\">Playa de La Tejita<\/h3>\n<p style=\"text-align: justify;\">Una de las <strong>mejores cosas que hacer en El M\u00e9dano<\/strong> para m\u00ed es ir a la <strong>Playa de la Tejita<\/strong> que, con m\u00e1s de un kil\u00f3metro de extensi\u00f3n, es una de las m\u00e1s salvajes y bonitas de todo Tenerife.<\/p>\n<p style=\"text-align: justify;\">Se encuentra junto a la <strong>Reserva Natural de Monta\u00f1a Roja<\/strong>, un antiguo cr\u00e1ter volc\u00e1nico de color rojizo. Justo al lado de esta monta\u00f1a hay una <strong>peque\u00f1a zona nudista<\/strong>. La \u00fanica pega aqu\u00ed es el viento, ya que est\u00e1 en una de las zonas m\u00e1s ventosas de Tenerife con diferencia. Pero, si tienes suerte en El M\u00e9dano con el tiempo, es de lo m\u00e1s agradable.<\/p>\n<div style=\"width: 535px\" class=\"wp-caption aligncenter\"><img decoding=\"async\" title=\"La Tejita, playas en Tenerife, El M\u00e9dano\" src=\"https:\/\/imgcap.capturetheatlas.com\/wp-content\/uploads\/2020\/02\/playa-tenerife-sur-el-medano.jpg\" alt=\"Playa de La Tejita, El M\u00e9dano\" width=\"525\" height=\"700\"><p class=\"wp-caption-text\">Playa de La Tejita \u2013 <a href=\"https:\/\/www.instagram.com\/zeworld\/?hl=es\" target=\"_blank\" rel=\"noopener nofollow noreferrer\">Efr\u00e9n Yanes<\/a><\/p><\/div>\n<p style=\"text-align: justify;\">Eso s\u00ed, ten en cuenta que en el adjetivo de \u2018<strong>salvaje<\/strong>\u2019 viene impl\u00edcito que no haya duchas, ni aseos, ni restaurantes o cafeter\u00edas. Tienes que caminar un rato para comprar algo, as\u00ed que vente preparado con los bocadillos y el agua.<\/p>\n<p style=\"text-align: justify;\">Para llegar en coche, toma la salida playa La Tejita, d\u00e9jalo en el aparcamiento y toma el sendero que te lleva a la playa. Son como unos 10 minutos andando hasta all\u00ed.<\/p>\n<h3 style=\"text-align: justify;\">Playa de La Pelada<\/h3>\n<p style=\"text-align: justify;\">Si te gustan las playas salvajes tambi\u00e9n puedes ir a <strong>la Playa de la Pelada<\/strong>. Es otra de las mejores cosas que hacer en El M\u00e9dano, Tenerife, por la intimidad que te ofrece y el contacto con la naturaleza. Se encuentra en un paraje natural de lo m\u00e1s bonito, la <strong>Reserva Natural de la Monta\u00f1a Pelada.<\/strong><\/p>\n<div id=\"attachment_176236\" style=\"width: 1425px\" class=\"wp-caption aligncenter\"><img decoding=\"async\" aria-describedby=\"caption-attachment-176236\" class=\"wp-image-176236 size-full\" title=\"Playa de la Pelada, algo que ver en El M\u00e9dano, Tenerife\" src=\"https:\/\/imgcap.capturetheatlas.com\/wp-content\/uploads\/2021\/12\/playa-de-la-pelada-principal.jpg\" alt=\"Playa de la Pelada, algo que ver en El M\u00e9dano\" width=\"1415\" height=\"1061\" srcset=\"https:\/\/imgcap.capturetheatlas.com\/wp-content\/uploads\/2021\/12\/playa-de-la-pelada-principal.jpg 1415w, https:\/\/imgcap.capturetheatlas.com\/wp-content\/uploads\/2021\/12\/playa-de-la-pelada-principal-300x225.jpg 300w, https:\/\/imgcap.capturetheatlas.com\/wp-content\/uploads\/2021\/12\/playa-de-la-pelada-principal-1024x768.jpg 1024w, https:\/\/imgcap.capturetheatlas.com\/wp-content\/uploads\/2021\/12\/playa-de-la-pelada-principal-768x576.jpg 768w, https:\/\/imgcap.capturetheatlas.com\/wp-content\/uploads\/2021\/12\/playa-de-la-pelada-principal-507x380.jpg 507w\" sizes=\"(max-width: 1415px) 100vw, 1415px\" \/><p id=\"caption-attachment-176236\" class=\"wp-caption-text\">Playa de la Pelada<\/p><\/div>\n<p style=\"text-align: justify;\">Es una cala tranquila que est\u00e1 a muy poca distancia en coche de El M\u00e9dano. A la Playa de La Pelada se puede llegar desde el pueblo en algo m\u00e1s de media hora.<\/p>\n<p style=\"text-align: justify;\">Al ser una playa aislada, vale m\u00e1s que tengas cuidado con el oleaje y te cerciores de las condiciones del mar, especialmente si vas con ni\u00f1os, ya que no hay socorristas. Lo bueno es que en los meses de invierno tiene <strong>muy poca afluencia<\/strong>, por lo que vas a estar tranquilo. Eso s\u00ed, acu\u00e9rdate de traer la comida y la bebida.<\/p>\n<h3 style=\"text-align: justify;\">Playa de El M\u00e9dano<\/h3>\n<p style=\"text-align: justify;\">Otra de las <strong>actividades en el M\u00e9dano, Tenerife<\/strong>, para hacer es pasear por la <strong>Playa de El M\u00e9dano<\/strong>. Destaca por su arena gris fina y por la vista del cono volc\u00e1nico Monta\u00f1a Roja.<\/p>\n<div id=\"attachment_136489\" style=\"width: 910px\" class=\"wp-caption aligncenter\"><img decoding=\"async\" aria-describedby=\"caption-attachment-136489\" class=\"wp-image-136489 size-full\" title=\"Playa de El M\u00e9dano, cosas que hacer en El M\u00e9dano\" src=\"https:\/\/imgcap.capturetheatlas.com\/wp-content\/uploads\/2021\/08\/El-Medano-playas-de-Tenerife.jpg\" alt=\"Playa de El M\u00e9dano, El M\u00e9dano playa\" width=\"900\" height=\"600\" srcset=\"https:\/\/imgcap.capturetheatlas.com\/wp-content\/uploads\/2021\/08\/El-Medano-playas-de-Tenerife.jpg 900w, https:\/\/imgcap.capturetheatlas.com\/wp-content\/uploads\/2021\/08\/El-Medano-playas-de-Tenerife-300x200.jpg 300w, https:\/\/imgcap.capturetheatlas.com\/wp-content\/uploads\/2021\/08\/El-Medano-playas-de-Tenerife-768x512.jpg 768w, https:\/\/imgcap.capturetheatlas.com\/wp-content\/uploads\/2021\/08\/El-Medano-playas-de-Tenerife-570x380.jpg 570w\" sizes=\"(max-width: 900px) 100vw, 900px\" \/><p id=\"caption-attachment-136489\" class=\"wp-caption-text\">Playa de El M\u00e9dano<\/p><\/div>\n<p style=\"text-align: justify;\">Si te gusta el windsurf y el kitesurf, la zona m\u00e1s alejada es ideal para practicarlos, hasta el punto de que aqu\u00ed se suelen celebrar competici\u00f3n de la talla del <strong>Campeonato del Mundo de Windsurf y Kitesurf<\/strong>.<\/p>\n<p style=\"text-align: justify;\">Al contrario que las otras playas que te he mencionado hasta ahora, esta s\u00ed cuenta con aseos, duchas, bares y restaurantes. Incluso dispone de servicio de <strong>alquiler de hamacas y sombrillas<\/strong> y una <strong>oficina de turismo<\/strong>.<\/p>\n<h3 style=\"text-align: justify;\">Playa Leocadio Machado<\/h3>\n<p style=\"text-align: justify;\">Otra playa que ver en El M\u00e9dano, Tenerife, si te gustan los deportes acu\u00e1ticos es sin duda la de <strong>Leocadio Machado<\/strong>. Recibe el nombre en homenaje al poeta y escritor, que en 1925 escribi\u00f3 \u2018El loco de la playa\u2019 inspir\u00e1ndose en esta localidad.&nbsp;<\/p>\n<div id=\"attachment_175921\" style=\"width: 910px\" class=\"wp-caption aligncenter\"><img decoding=\"async\" aria-describedby=\"caption-attachment-175921\" class=\"wp-image-175921 size-full\" title=\"Playa Leocadio Machado, El M\u00e9dano tenerife\" src=\"https:\/\/imgcap.capturetheatlas.com\/wp-content\/uploads\/2021\/12\/Playa-Leocadio-Machado.jpg\" alt=\"Playa Leocadio Machado, qu\u00e9 hacer en el M\u00e9dano\" width=\"900\" height=\"675\" srcset=\"https:\/\/imgcap.capturetheatlas.com\/wp-content\/uploads\/2021\/12\/Playa-Leocadio-Machado.jpg 900w, https:\/\/imgcap.capturetheatlas.com\/wp-content\/uploads\/2021\/12\/Playa-Leocadio-Machado-300x225.jpg 300w, https:\/\/imgcap.capturetheatlas.com\/wp-content\/uploads\/2021\/12\/Playa-Leocadio-Machado-768x576.jpg 768w, https:\/\/imgcap.capturetheatlas.com\/wp-content\/uploads\/2021\/12\/Playa-Leocadio-Machado-507x380.jpg 507w\" sizes=\"(max-width: 900px) 100vw, 900px\" \/><p id=\"caption-attachment-175921\" class=\"wp-caption-text\">Playa Leocadio Machado<\/p><\/div>\n<p style=\"text-align: justify;\">La Leocadio Machado es la playa urbana m\u00e1s grande del pueblo. Se encuentra delante de un paseo mar\u00edtimo en el que tienes bares y cafeter\u00edas para tomarte algo. Pero, sobre todo, tiendas de surf.<\/p>\n<p style=\"text-align: justify;\">Los vientos alisios han hecho de esta playa un para\u00edso para las personas que practican los deportes de vela y el surf. Si viajas en familia y buscas tranquilidad, lo mejor es que te coloques en el <strong>extremo norte de la playa<\/strong>, donde se forman muchas menos olas<a name=\"parajesnaturales\"><\/a>.<\/p>\n<h2 style=\"text-align: justify;\"><strong>Otros parajes naturales que ver en El M\u00e9dano imprescindibles<\/strong><\/h2>\n<p style=\"text-align: justify;\">Pero no solo hay playas. Tambi\u00e9n tienes unos <strong>parajes naturales preciosos que ver en El M\u00e9dano<\/strong>. La <strong>Monta\u00f1a Roja<\/strong> y la <strong>Monta\u00f1a Bocinegro<\/strong> destacan con su color rojizo sobre el azul del mar. Y las Piscinas Naturales Los Abrigos &nbsp;te permitir\u00e1n ba\u00f1arte de una forma totalmente distinta.&nbsp;<\/p>\n<h3 style=\"text-align: justify;\">Reserva natural especial de Monta\u00f1a Roja<\/h3>\n<p style=\"text-align: justify;\"><strong>Hacer senderismo<\/strong> es de las actividades m\u00e1s populares que hacer en El M\u00e9dano y sin duda, no hay reto m\u00e1s satisfactorio que el de<strong> subir a la Monta\u00f1a Roja<\/strong>, ya que es de los <a href=\"https:\/\/capturetheatlas.com\/es\/miradores-en-tenerife\/\" target=\"_blank\" rel=\"noopener\"><strong>mejores miradores de Tenerife<\/strong><\/a>.<\/p>\n<p style=\"text-align: justify;\">Declarada <strong>Reserva Natural Especial<\/strong>, aqu\u00ed habitan especies animales y vegetales que solo se encuentran en este lugar, sobre todo en cuanto a aves. Pero tambi\u00e9n hay elementos geol\u00f3gicos protegidos.<\/p>\n<p><img decoding=\"async\" class=\"aligncenter size-full wp-image-139231\" src=\"https:\/\/imgcap.capturetheatlas.com\/wp-content\/uploads\/2021\/08\/Montana-Roja-rutas-Tenerife.jpg\" alt=\"monta\u00f1a roja, lo mejor que ver en el medano\" width=\"900\" height=\"675\" srcset=\"https:\/\/imgcap.capturetheatlas.com\/wp-content\/uploads\/2021\/08\/Montana-Roja-rutas-Tenerife.jpg 900w, https:\/\/imgcap.capturetheatlas.com\/wp-content\/uploads\/2021\/08\/Montana-Roja-rutas-Tenerife-300x225.jpg 300w, https:\/\/imgcap.capturetheatlas.com\/wp-content\/uploads\/2021\/08\/Montana-Roja-rutas-Tenerife-768x576.jpg 768w, https:\/\/imgcap.capturetheatlas.com\/wp-content\/uploads\/2021\/08\/Montana-Roja-rutas-Tenerife-507x380.jpg 507w\" sizes=\"(max-width: 900px) 100vw, 900px\" \/><\/p>\n<p style=\"text-align: justify;\">Este cono volc\u00e1nico, que naci\u00f3 fruto de una erupci\u00f3n milenios atr\u00e1s, dispone de una superficie de 166 hect\u00e1reas y 171 metros de altura. Sus fragmentos rocosos se han ido oxidando con el tiempo, de ah\u00ed el color tan caracter\u00edstico que da nombre a esta monta\u00f1a y que la hacen un lugar tan especial.<\/p>\n<p style=\"text-align: justify;\">Adem\u00e1s, subir a la&nbsp;<strong>Monta\u00f1a Roja<\/strong> no solo es una de las <strong>mejores actividades en el M\u00e9dano<\/strong>, sino que tambi\u00e9n es otra de las rutas de <a href=\"https:\/\/capturetheatlas.com\/es\/senderismo-tenerife\/\" target=\"_blank\" rel=\"noopener\"><strong>senderismo<\/strong><strong> en Tenerife<\/strong><\/a><strong> sur<\/strong>&nbsp;m\u00e1s recomendadas.<\/p>\n<h3 style=\"text-align: justify;\">Monta\u00f1a Bocinegro<\/h3>\n<p style=\"text-align: justify;\">Claro que, si no te ves con capacidad para subir la Monta\u00f1a Roja puedes probar con la <strong>Monta\u00f1a Bocinegro<\/strong>, una de las mejores actividades en El M\u00e9dano, Tenerife.<\/p>\n<div id=\"attachment_175915\" style=\"width: 910px\" class=\"wp-caption aligncenter\"><img decoding=\"async\" aria-describedby=\"caption-attachment-175915\" class=\"wp-image-175915 size-full\" title=\"Monta\u00f1a Bocinegro, El M\u00e9dano el tiempo\" src=\"https:\/\/imgcap.capturetheatlas.com\/wp-content\/uploads\/2021\/12\/montan%CC%83a-bocinegro.jpg\" alt=\"Monta\u00f1a Bocinegro, actividades en El M\u00e9dano Tenerife\" width=\"900\" height=\"641\" srcset=\"https:\/\/imgcap.capturetheatlas.com\/wp-content\/uploads\/2021\/12\/montan%CC%83a-bocinegro.jpg 900w, https:\/\/imgcap.capturetheatlas.com\/wp-content\/uploads\/2021\/12\/montan%CC%83a-bocinegro-300x214.jpg 300w, https:\/\/imgcap.capturetheatlas.com\/wp-content\/uploads\/2021\/12\/montan%CC%83a-bocinegro-768x547.jpg 768w, https:\/\/imgcap.capturetheatlas.com\/wp-content\/uploads\/2021\/12\/montan%CC%83a-bocinegro-534x380.jpg 534w\" sizes=\"(max-width: 900px) 100vw, 900px\" \/><p id=\"caption-attachment-175915\" class=\"wp-caption-text\">Monta\u00f1a Bocinegro<\/p><\/div>\n<p style=\"text-align: justify;\">Bocinegro es una monta\u00f1a m\u00e1s peque\u00f1a y de un color claro que tambi\u00e9n forma parte de la <strong>Reserva Natural Especial<\/strong>, por lo que es otro lugar que ver en El M\u00e9dano. Su mirador es perfecto para disfrutar de las vistas mientras sientes la brisa del mar.&nbsp;<\/p>\n<p style=\"text-align: justify;\">En su ladera vas a ver una de las fortificaciones que a\u00fan existen en la isla. Es una casamata que se cree que se construy\u00f3 para contener ametralladoras y ca\u00f1ones ligeros. Pero no es la \u00fanica que hay. Ir a ver los <strong>b\u00fankers de la II Guerra Mundial<\/strong> es otra de las actividades que te recomiendo hacer en el M\u00e9dano, y en Tenerife en general.<\/p>\n<h3 style=\"text-align: justify;\">Piscinas Naturales Los Abrigos<\/h3>\n<p style=\"text-align: justify;\">Si a\u00fan te faltan sitios que a\u00f1adir a tu lista de qu\u00e9 hacer en El M\u00e9dano, Tenerife, apunta <strong>Las Piscinas Naturales Los Abrigos,<\/strong> rodeadas de paraje de rocas volc\u00e1nicas que te va a encantar. Es sin duda de los <a href=\"https:\/\/capturetheatlas.com\/es\/piscinas-naturales-en-tenerife-charcos\/\" target=\"_blank\" rel=\"noopener\"><strong>charcos m\u00e1s populares de Tenerife<\/strong><\/a>.<\/p>\n<div id=\"attachment_175917\" style=\"width: 910px\" class=\"wp-caption aligncenter\"><img decoding=\"async\" aria-describedby=\"caption-attachment-175917\" class=\"wp-image-175917 size-full\" title=\"Piscinas Naturales Los Abrigos, El M\u00e9dano hotel\" src=\"https:\/\/imgcap.capturetheatlas.com\/wp-content\/uploads\/2021\/12\/piscinas-naturales-los-abrigos.jpg\" alt=\"Piscinas Naturales Los Abrigos, qu\u00e9 hacer en El M\u00e9dano Tenerife\" width=\"900\" height=\"675\" srcset=\"https:\/\/imgcap.capturetheatlas.com\/wp-content\/uploads\/2021\/12\/piscinas-naturales-los-abrigos.jpg 900w, https:\/\/imgcap.capturetheatlas.com\/wp-content\/uploads\/2021\/12\/piscinas-naturales-los-abrigos-300x225.jpg 300w, https:\/\/imgcap.capturetheatlas.com\/wp-content\/uploads\/2021\/12\/piscinas-naturales-los-abrigos-768x576.jpg 768w, https:\/\/imgcap.capturetheatlas.com\/wp-content\/uploads\/2021\/12\/piscinas-naturales-los-abrigos-507x380.jpg 507w\" sizes=\"(max-width: 900px) 100vw, 900px\" \/><p id=\"caption-attachment-175917\" class=\"wp-caption-text\">Piscinas Naturales Los Abrigos<\/p><\/div>\n<p style=\"text-align: justify;\">Estas piscinas naturales est\u00e1n llegando al pueblo Los Abrigos desde El M\u00e9dano. Si vas en coche, hay que conducir por un camino hasta un punto donde se pueden dejar los veh\u00edculos. A partir de ah\u00ed hay que caminar un tramo. Suelen estar m\u00e1s concurridas los fines de semana as\u00ed que, si puedes, vete mejor de lunes a jueves. Te va a encantar darte un ba\u00f1o distinto en este <strong>paraje \u00fanico y salvaje<\/strong>.<\/p>\n<p style=\"text-align: justify;\">Lo que s\u00ed te aconsejo es que tengas <strong>cuidado con el mar<\/strong>, porque si est\u00e1 tranquilo las piscinas son muy seguras, pero si est\u00e1 m\u00e1s movido es mejor que seas precavido y preguntes a alguien de la zona. Si ellos no entran es por algo<a name=\"cueva\"><\/a>.<\/p>\n<h2 style=\"text-align: justify;\"><strong>Cueva del Hermano Pedro<\/strong><\/h2>\n<p style=\"text-align: justify;\">La <strong>Cueva del Santo Hermano Pedro<\/strong> es otro lugar que ver en el M\u00e9dano. Est\u00e1 considerada como <strong>Bien de Inter\u00e9s Cultura<\/strong> (BIC) en la categor\u00eda de Sitio Hist\u00f3rico.<\/p>\n<p style=\"text-align: justify;\">Este santuario est\u00e1 dedicado a <strong>Pedro de San Jos\u00e9 Betancur<\/strong>, conocido como Santo Hermano Pedro, que de ni\u00f1o se refugiaba en la cueva para descansar mientras cuidaba a los reba\u00f1os de la familia.<\/p>\n<div id=\"attachment_175913\" style=\"width: 910px\" class=\"wp-caption aligncenter\"><img decoding=\"async\" aria-describedby=\"caption-attachment-175913\" class=\"wp-image-175913 size-full\" title=\"Cueva del Hermano Pedro, El M\u00e9dano hotel\" src=\"https:\/\/imgcap.capturetheatlas.com\/wp-content\/uploads\/2021\/12\/cueva-del-hermano-pedro.jpg\" alt=\"Cueva del Hermano Pedro, El M\u00e9dano qu\u00e9 ver\" width=\"900\" height=\"675\" srcset=\"https:\/\/imgcap.capturetheatlas.com\/wp-content\/uploads\/2021\/12\/cueva-del-hermano-pedro.jpg 900w, https:\/\/imgcap.capturetheatlas.com\/wp-content\/uploads\/2021\/12\/cueva-del-hermano-pedro-300x225.jpg 300w, https:\/\/imgcap.capturetheatlas.com\/wp-content\/uploads\/2021\/12\/cueva-del-hermano-pedro-768x576.jpg 768w, https:\/\/imgcap.capturetheatlas.com\/wp-content\/uploads\/2021\/12\/cueva-del-hermano-pedro-507x380.jpg 507w\" sizes=\"(max-width: 900px) 100vw, 900px\" \/><p id=\"caption-attachment-175913\" class=\"wp-caption-text\">Cueva del Hermano Pedro<\/p><\/div>\n<p style=\"text-align: justify;\">De adulto, ejerci\u00f3 su labor religiosa y evangelizadora en Guatemala, donde fund\u00f3 el <strong>primer hospital de convalecientes<\/strong> y la primera escuela popular para ni\u00f1os y adultos sin discriminaci\u00f3n de raza o sexo. Falleci\u00f3 a los 41 a\u00f1os y fue beatificado en la Bas\u00edlica de San Pedro del Vaticano en 1980 y canonizado por la Ciudad de Guatemala por el papa Juan Pablo II en 2002.<\/p>\n<p style=\"text-align: justify;\">Si entras en el interior de esta cueva vas a ver una escultura en madera del santo, el <strong>primero nativo de las Islas Canarias<\/strong>. Los fieles le dejan papeles con sus peticiones escritas junto a las ofrendas<a name=\"comer\"><\/a>.<\/p>\n<h2 style=\"text-align: justify;\"><strong>Chiringuito Pirata y otros restaurantes y sitios donde comer en El M\u00e9dano<\/strong><\/h2>\n<p style=\"text-align: justify;\">Antes te he dicho que la playa de La Tejita no tiene ning\u00fan restaurante o cafeter\u00eda para comer. Pero, lo que s\u00ed tiene si andas hasta el final, es el <strong>Chiringuito Pirata<\/strong>, todo un emblema en Tenerife. Aqu\u00ed vas a poder pedirte una paella o unas tapas. O simplemente tomar unas cervezas en un lugar privilegiado frente al mar y con vistas a la Monta\u00f1a Roja. Mi recomendaci\u00f3n es que te tomes un mojito aqu\u00ed mientras ves el atardecer.<\/p>\n<p style=\"text-align: justify;\">Otro <a href=\"https:\/\/capturetheatlas.com\/es\/donde-comer-en-tenerife\/\" target=\"_blank\" rel=\"noopener\"><strong>buen sitio tanto para comer en Tenerife<\/strong><\/a> es el restaurante Familiar. De primeras te puede parecer muy tur\u00edstico pero la verdad que est\u00e1 muy bueno y no es nada caro. Para tomarte algo te recomiendo el <strong>Manfred\u2019s Soul Caf\u00e9<\/strong>. Tambi\u00e9n es ideal para desayunar. Su estilo chill out y su m\u00fasica de fondo te van a encantar. Adem\u00e1s, las vistas al mar son espectaculares.<\/p>\n<div id=\"attachment_175911\" style=\"width: 910px\" class=\"wp-caption aligncenter\"><img decoding=\"async\" aria-describedby=\"caption-attachment-175911\" class=\"wp-image-175911 size-full\" title=\"Chiringuito Pirata, El M\u00e9dano apartamentos\" src=\"https:\/\/imgcap.capturetheatlas.com\/wp-content\/uploads\/2021\/12\/Chiringuito-Pirata.jpg\" alt=\"Chiringuito Pirata, el M\u00e9dano restaurantes\" width=\"900\" height=\"517\" srcset=\"https:\/\/imgcap.capturetheatlas.com\/wp-content\/uploads\/2021\/12\/Chiringuito-Pirata.jpg 900w, https:\/\/imgcap.capturetheatlas.com\/wp-content\/uploads\/2021\/12\/Chiringuito-Pirata-300x172.jpg 300w, https:\/\/imgcap.capturetheatlas.com\/wp-content\/uploads\/2021\/12\/Chiringuito-Pirata-768x441.jpg 768w, https:\/\/imgcap.capturetheatlas.com\/wp-content\/uploads\/2021\/12\/Chiringuito-Pirata-662x380.jpg 662w\" sizes=\"(max-width: 900px) 100vw, 900px\" \/><p id=\"caption-attachment-175911\" class=\"wp-caption-text\">Chiringuito Pirata y otros restaurantes y sitios donde comer en El M\u00e9dano<\/p><\/div>\n<p style=\"text-align: justify;\">Asimismo, te propongo <strong>Veinte 04 Surf Caf\u00e9<\/strong>, un concepto diferente que mezcla platos saludables creados con productos de la zona con un ambiente muy divertido. Adem\u00e1s, ofrecen eventos de diferentes disciplinas art\u00edsticas durante todo el a\u00f1o.<\/p>\n<p style=\"text-align: justify;\">Si eres un entusiasta del pescado, en el paseo mar\u00edtimo de la Playa de La Jaquita tienes <strong>El Ancla M\u00e9dano Restaurante<\/strong>, especializados en pescado azul. Aunque si te va m\u00e1s la gastronom\u00eda del norte, la mejor cocina vasco-francesa de Tenerife est\u00e1 en<strong> Le Penon<\/strong>. Cuenta con un estilo inspirado en el surf y el Pa\u00eds Vasco con recetas creativas que hacen que, para muchos sea el mejor restaurante de El M\u00e9dano.<\/p>\n<p style=\"text-align: justify;\">Por \u00faltimo, te recomiendo el <strong>Barrio Cabezo<\/strong>, que te puede salir m\u00e1s econ\u00f3mico pero sigue siendo bien bueno. El sitio es acogedor, algo camuflado, con una atenci\u00f3n inmejorable y una comida deliciosa<a name=\"alojarse\"><\/a>.&nbsp;<\/p>\n<h2 style=\"text-align: justify;\"><strong>D\u00f3nde alojarse en El M\u00e9dano, mejores hoteles y apartamentos<\/strong><\/h2>\n<p style=\"text-align: justify;\">Nosotros nos quedamos en el <a href=\"https:\/\/www.booking.com\/hotel\/es\/arenas-del-mar.es.html?aid=1478706&amp;no_rooms=1&amp;group_adults=2\" target=\"_blank\" rel=\"noopener nofollow\"><strong>Kn Hotel Arenas del Mar Adults Only<\/strong><\/a>, no solo uno de los <a href=\"https:\/\/capturetheatlas.com\/es\/hoteles-en-el-medano\/\" target=\"_blank\" rel=\"noopener\"><strong>mejores hoteles en el M\u00e9dano<\/strong><\/a>, pero tambi\u00e9n de los <a href=\"https:\/\/capturetheatlas.com\/es\/hoteles-tenerife-sur\/\" target=\"_blank\" rel=\"noopener\"><strong>hoteles en Tenerifer Sur<\/strong><\/a> m\u00e1s recomendados. Como su nombre indica, es un hotel dise\u00f1ado solo para adultos. Est\u00e1 al lado de la playa de la Jaquita y cuenta con piscina al aire libre y unas vistas incre\u00edbles. Nosotros pagamos por el suplemento del SPA y la verdad que mereci\u00f3 la pena.<\/p>\n<p style=\"text-align: justify;\">Una opci\u00f3n m\u00e1s econ\u00f3mica que puede estar bien es el <a href=\"https:\/\/www.booking.com\/hotel\/es\/playa-sur-tenerife-el-medano.es.html?aid=1478706&amp;no_rooms=1&amp;group_adults=2\" target=\"_blank\" rel=\"noopener nofollow\"><strong>Hotel Playa Sur Tenerife<\/strong><\/a>. Cuenta con piscina al aire libre, sol\u00e1rium y jard\u00edn, adem\u00e1s de sauna y servicio de masajes. Todas sus habitaciones tienen un balc\u00f3n con vistas al oc\u00e9ano Atl\u00e1ntico; y hay un restaurante y un bar junto a la piscina. \u00a1Y un piano lounge!<\/p>\n<p style=\"text-align: justify;\">Si prefieres alojarte en un apartamento, el <a href=\"https:\/\/www.booking.com\/hotel\/es\/apartamento-marineda.es.html?aid=1478706&amp;no_rooms=1&amp;group_adults=2\" target=\"_blank\" rel=\"noopener nofollow\"><strong>Apartamento El Medano Marineda Loft<\/strong><\/a> est\u00e1 equipado con dos dormitorios y un ba\u00f1o. Est\u00e1 genial de precio, muy c\u00e9ntrico y, adem\u00e1s, tienes una piscina con jard\u00edn y terraza para disfrutar. Para mi es de los <a href=\"https:\/\/capturetheatlas.com\/es\/apartamentos-en-el-medano\/\" target=\"_blank\" rel=\"noopener\"><strong>mejores apartamentos en el M\u00e9dano<\/strong><\/a><a name=\"mapa\"><\/a>.<\/p>\n<div class=\"cent\"><a class=\"btncust\" href=\"https:\/\/www.booking.com\/searchresults.en.html?city=-380858&amp;aid=1478706&amp;no_rooms=1&amp;group_adults=2\" target=\"_blank\" rel=\"noopener nofollow noreferrer\">MEJORES HOTELES EN EL M\u00c9DANO<\/a><\/div>\n<style>\n.btncust{margin: 0px;  margin-top: 100px; padding: 6px 26px 6px 26px;  border-radius: 3px;  background: #1abc9c;    color: white !important;    font-size: 19px;    font-weight: 400;    font-family: Oswald; }.btncust:hover{background:#404040;}.cent{text-align: center !important; margin-top: 50px; margin-bottom: 50px; }<\/style>\n<h2 style=\"text-align: justify;\"><strong>Mapa de El M\u00e9dano, Tenerife<\/strong><\/h2>\n<p style=\"text-align: justify;\">Para que no te pierdas ninguno de los sitios que te he ido comentando, aqu\u00ed te dejo un <strong>mapa de El M\u00e9dano<\/strong>, Tenerife, con todo apuntado.<\/p>\n<p><iframe loading=\"lazy\" src=\"https:\/\/www.google.com\/maps\/d\/u\/0\/embed?mid=1EueQlgl8UjOdv7OCQ7cr1d3zyTr10vUq&amp;ehbc=2E312F\" width=\"1000\" height=\"600\"><\/iframe><\/p>\n<p style=\"text-align: justify;\">Y esto es todo por mi parte. Si tienes cualquier duda o quieres contarme qu\u00e9 has visto en El M\u00e9dano, Tenerife, d\u00e9jame un comentario a continuaci\u00f3n. Te responder\u00e9 encantada. \u00a1Buen viaje!<\/p>\n","protected":false},"excerpt":{"rendered":"<p>El M\u00e9dano es una ciudad a la que peregrinan turistas y aficionados al surf, windsurf o kitesurf durante todo el a\u00f1o. Los primeros lo hacen por la cantidad de cosas que ver y hacer en el M\u00e9dano; los segundos, por la extensi\u00f3n de sus playas y el viento que agita su mar. Practiques o no [&hellip;]<\/p>\n","protected":false},"author":1,"featured_media":176236,"comment_status":"open","ping_status":"closed","sticky":false,"template":"","format":"standard","meta":{"_acf_changed":false,"footnotes":""},"categories":[496,539,497,600,423],"tags":[],"class_list":["post-175908","post","type-post","status-publish","format-standard","has-post-thumbnail","hentry","category-espana","category-europa","category-islas-canarias","category-viajar-a-tenerife","category-viajes"],"acf":[],"yoast_head":"<!-- This site is optimized with the Yoast SEO Premium plugin v20.0 (Yoast SEO v26.4) - https:\/\/yoast.com\/wordpress\/plugins\/seo\/ -->\n<title>Qu\u00e9 Ver en El M\u00e9dano, el Pueblo M\u00e1s Bonito de Tenerife + Mapa<\/title>\n<meta name=\"description\" content=\"Imprescindibles que tienes que ver y hacer en el M\u00e9dano, Tenerife. Actividades en el M\u00e9dano, tiempo, playas, senderismo...\" \/>\n<meta name=\"robots\" content=\"index, follow, max-snippet:-1, max-image-preview:large, max-video-preview:-1\" \/>\n<link rel=\"canonical\" href=\"https:\/\/capturetheatlas.com\/es\/que-ver-en-el-medano\/\" \/>\n<meta property=\"og:locale\" content=\"es_ES\" \/>\n<meta property=\"og:type\" content=\"article\" \/>\n<meta property=\"og:title\" content=\"Qu\u00e9 Ver en El M\u00e9dano, el Pueblo M\u00e1s Bonito de Tenerife\" \/>\n<meta property=\"og:description\" content=\"Imprescindibles que tienes que ver y hacer en el M\u00e9dano, Tenerife. Actividades en el M\u00e9dano, tiempo, playas, senderismo...\" \/>\n<meta property=\"og:url\" content=\"https:\/\/capturetheatlas.com\/es\/que-ver-en-el-medano\/\" \/>\n<meta property=\"og:site_name\" content=\"Capture the Atlas\" \/>\n<meta property=\"article:publisher\" content=\"https:\/\/www.facebook.com\/capturetheatlas\/\" \/>\n<meta property=\"article:author\" content=\"https:\/\/www.facebook.com\/capturetheatlas\/\" \/>\n<meta property=\"article:published_time\" content=\"2021-12-23T09:35:06+00:00\" \/>\n<meta property=\"article:modified_time\" content=\"2023-10-07T03:41:03+00:00\" \/>\n<meta property=\"og:image\" content=\"https:\/\/imgcap.capturetheatlas.com\/wp-content\/uploads\/2021\/12\/playa-de-la-pelada-principal.jpg\" \/>\n\t<meta property=\"og:image:width\" content=\"1415\" \/>\n\t<meta property=\"og:image:height\" content=\"1061\" \/>\n\t<meta property=\"og:image:type\" content=\"image\/jpeg\" \/>\n<meta name=\"author\" content=\"Ascen Aynat\" \/>\n<meta name=\"twitter:label1\" content=\"Escrito por\" \/>\n\t<meta name=\"twitter:data1\" content=\"Ascen Aynat\" \/>\n\t<meta name=\"twitter:label2\" content=\"Tiempo de lectura\" \/>\n\t<meta name=\"twitter:data2\" content=\"12 minutos\" \/>\n<script type=\"application\/ld+json\" class=\"yoast-schema-graph\">{\"@context\":\"https:\/\/schema.org\",\"@graph\":[{\"@type\":\"Article\",\"@id\":\"https:\/\/capturetheatlas.com\/es\/que-ver-en-el-medano\/#article\",\"isPartOf\":{\"@id\":\"https:\/\/capturetheatlas.com\/es\/que-ver-en-el-medano\/\"},\"author\":{\"name\":\"Ascen Aynat\",\"@id\":\"https:\/\/capturetheatlas.com\/es\/#\/schema\/person\/bbef6bc7b085062bc0dfa102d06fa6d4\"},\"headline\":\"Qu\u00e9 Ver en El M\u00e9dano, el Pueblo M\u00e1s Bonito de Tenerife\",\"datePublished\":\"2021-12-23T09:35:06+00:00\",\"dateModified\":\"2023-10-07T03:41:03+00:00\",\"mainEntityOfPage\":{\"@id\":\"https:\/\/capturetheatlas.com\/es\/que-ver-en-el-medano\/\"},\"wordCount\":2350,\"commentCount\":0,\"publisher\":{\"@id\":\"https:\/\/capturetheatlas.com\/es\/#organization\"},\"image\":{\"@id\":\"https:\/\/capturetheatlas.com\/es\/que-ver-en-el-medano\/#primaryimage\"},\"thumbnailUrl\":\"https:\/\/imgcap.capturetheatlas.com\/wp-content\/uploads\/2021\/12\/playa-de-la-pelada-principal.jpg\",\"articleSection\":[\"Espa\u00f1a\",\"Europa\",\"Islas Canarias\",\"Tenerife\",\"Viajes\"],\"inLanguage\":\"es\",\"potentialAction\":[{\"@type\":\"CommentAction\",\"name\":\"Comment\",\"target\":[\"https:\/\/capturetheatlas.com\/es\/que-ver-en-el-medano\/#respond\"]}]},{\"@type\":\"WebPage\",\"@id\":\"https:\/\/capturetheatlas.com\/es\/que-ver-en-el-medano\/\",\"url\":\"https:\/\/capturetheatlas.com\/es\/que-ver-en-el-medano\/\",\"name\":\"Qu\u00e9 Ver en El M\u00e9dano, el Pueblo M\u00e1s Bonito de Tenerife + Mapa\",\"isPartOf\":{\"@id\":\"https:\/\/capturetheatlas.com\/es\/#website\"},\"primaryImageOfPage\":{\"@id\":\"https:\/\/capturetheatlas.com\/es\/que-ver-en-el-medano\/#primaryimage\"},\"image\":{\"@id\":\"https:\/\/capturetheatlas.com\/es\/que-ver-en-el-medano\/#primaryimage\"},\"thumbnailUrl\":\"https:\/\/imgcap.capturetheatlas.com\/wp-content\/uploads\/2021\/12\/playa-de-la-pelada-principal.jpg\",\"datePublished\":\"2021-12-23T09:35:06+00:00\",\"dateModified\":\"2023-10-07T03:41:03+00:00\",\"description\":\"Imprescindibles que tienes que ver y hacer en el M\u00e9dano, Tenerife. Actividades en el M\u00e9dano, tiempo, playas, senderismo...\",\"breadcrumb\":{\"@id\":\"https:\/\/capturetheatlas.com\/es\/que-ver-en-el-medano\/#breadcrumb\"},\"inLanguage\":\"es\",\"potentialAction\":[{\"@type\":\"ReadAction\",\"target\":[\"https:\/\/capturetheatlas.com\/es\/que-ver-en-el-medano\/\"]}]},{\"@type\":\"ImageObject\",\"inLanguage\":\"es\",\"@id\":\"https:\/\/capturetheatlas.com\/es\/que-ver-en-el-medano\/#primaryimage\",\"url\":\"https:\/\/imgcap.capturetheatlas.com\/wp-content\/uploads\/2021\/12\/playa-de-la-pelada-principal.jpg\",\"contentUrl\":\"https:\/\/imgcap.capturetheatlas.com\/wp-content\/uploads\/2021\/12\/playa-de-la-pelada-principal.jpg\",\"width\":1415,\"height\":1061,\"caption\":\"Playa de la Pelada\"},{\"@type\":\"BreadcrumbList\",\"@id\":\"https:\/\/capturetheatlas.com\/es\/que-ver-en-el-medano\/#breadcrumb\",\"itemListElement\":[{\"@type\":\"ListItem\",\"position\":1,\"name\":\"Home\",\"item\":\"https:\/\/capturetheatlas.com\/es\/\"},{\"@type\":\"ListItem\",\"position\":2,\"name\":\"Viajes\",\"item\":\"https:\/\/capturetheatlas.com\/es\/viajes\/\"},{\"@type\":\"ListItem\",\"position\":3,\"name\":\"Europa\",\"item\":\"https:\/\/capturetheatlas.com\/es\/viajes\/europa\/\"},{\"@type\":\"ListItem\",\"position\":4,\"name\":\"Espa\u00f1a\",\"item\":\"https:\/\/capturetheatlas.com\/es\/viajes\/europa\/espana\/\"},{\"@type\":\"ListItem\",\"position\":5,\"name\":\"Islas Canarias\",\"item\":\"https:\/\/capturetheatlas.com\/es\/viajes\/europa\/espana\/islas-canarias\/\"},{\"@type\":\"ListItem\",\"position\":6,\"name\":\"Tenerife\",\"item\":\"https:\/\/capturetheatlas.com\/es\/viajes\/europa\/espana\/islas-canarias\/viajar-a-tenerife\/\"},{\"@type\":\"ListItem\",\"position\":7,\"name\":\"Qu\u00e9 Ver en El M\u00e9dano, el Pueblo M\u00e1s Bonito de Tenerife\"}]},{\"@type\":\"WebSite\",\"@id\":\"https:\/\/capturetheatlas.com\/es\/#website\",\"url\":\"https:\/\/capturetheatlas.com\/es\/\",\"name\":\"Capture the Atlas\",\"description\":\"PHOTOGRAPHY \u00b7 TRAVEL \u00b7 ADVENTURE\",\"publisher\":{\"@id\":\"https:\/\/capturetheatlas.com\/es\/#organization\"},\"potentialAction\":[{\"@type\":\"SearchAction\",\"target\":{\"@type\":\"EntryPoint\",\"urlTemplate\":\"https:\/\/capturetheatlas.com\/es\/?s={search_term_string}\"},\"query-input\":{\"@type\":\"PropertyValueSpecification\",\"valueRequired\":true,\"valueName\":\"search_term_string\"}}],\"inLanguage\":\"es\"},{\"@type\":\"Organization\",\"@id\":\"https:\/\/capturetheatlas.com\/es\/#organization\",\"name\":\"Capture the Atlas\",\"url\":\"https:\/\/capturetheatlas.com\/es\/\",\"logo\":{\"@type\":\"ImageObject\",\"inLanguage\":\"es\",\"@id\":\"https:\/\/capturetheatlas.com\/es\/#\/schema\/logo\/image\/\",\"url\":\"https:\/\/imgcap.capturetheatlas.com\/wp-content\/uploads\/2024\/03\/PNG-white-background-small.png\",\"contentUrl\":\"https:\/\/imgcap.capturetheatlas.com\/wp-content\/uploads\/2024\/03\/PNG-white-background-small.png\",\"width\":500,\"height\":500,\"caption\":\"Capture the Atlas\"},\"image\":{\"@id\":\"https:\/\/capturetheatlas.com\/es\/#\/schema\/logo\/image\/\"},\"sameAs\":[\"https:\/\/www.facebook.com\/capturetheatlas\/\",\"https:\/\/x.com\/capturetheatlas\",\"https:\/\/www.instagram.com\/capturetheatlas\/\",\"https:\/\/www.youtube.com\/channel\/UCJJlhj2psDvxXGhR3CmDeZg\",\"https:\/\/pinterest.com\/capturetheatlas\/\",\"https:\/\/www.linkedin.com\/company\/capture-the-atlas\/\"]},{\"@type\":\"Person\",\"@id\":\"https:\/\/capturetheatlas.com\/es\/#\/schema\/person\/bbef6bc7b085062bc0dfa102d06fa6d4\",\"name\":\"Ascen Aynat\",\"image\":{\"@type\":\"ImageObject\",\"inLanguage\":\"es\",\"@id\":\"https:\/\/capturetheatlas.com\/es\/#\/schema\/person\/image\/\",\"url\":\"https:\/\/secure.gravatar.com\/avatar\/22a4f7933f8911e325af81b1380680461df182a6caac247fb9476d2f657f8b89?s=96&d=mm&r=g\",\"contentUrl\":\"https:\/\/secure.gravatar.com\/avatar\/22a4f7933f8911e325af81b1380680461df182a6caac247fb9476d2f657f8b89?s=96&d=mm&r=g\",\"caption\":\"Ascen Aynat\"},\"description\":\"Hey there, I'm Ascen, your personal trip planner on a mission to help you craft the most incredible adventure of your life. While I'm based in Las Vegas, you won't find me there often. As a full-time traveler, I'm always on the go, exploring new destinations and capturing the world through my lens. From the enchanting shores of Almeria, Spain, where I grew up, to the far reaches of the globe, I'm here to provide you with detailed travel guides and practical tips to make your trip planning a breeze. Find out more about me here.\",\"sameAs\":[\"https:\/\/ascenaynat.com\",\"https:\/\/www.facebook.com\/capturetheatlas\/\",\"https:\/\/www.instagram.com\/capturetheatlas\/\",\"https:\/\/www.linkedin.com\/in\/ascensionaynat\/en\",\"https:\/\/pinterest.com\/capturetheatlas\/\"],\"honorificPrefix\":\"Ms\",\"birthDate\":\"1990-12-29\",\"gender\":\"female\",\"award\":[\"Best Travel Blog - 2024\"],\"knowsAbout\":[\"Travel Blogging\",\"Travel Logistics\",\"Photography\"],\"knowsLanguage\":[\"English\",\"Spanish\"],\"jobTitle\":\"Owner\",\"worksFor\":\"Capture the Atlas\",\"url\":\"https:\/\/capturetheatlas.com\/es\/author\/admin\/\"}]}<\/script>\n<!-- \/ Yoast SEO Premium plugin. -->","yoast_head_json":{"title":"Qu\u00e9 Ver en El M\u00e9dano, el Pueblo M\u00e1s Bonito de Tenerife + Mapa","description":"Imprescindibles que tienes que ver y hacer en el M\u00e9dano, Tenerife. Actividades en el M\u00e9dano, tiempo, playas, senderismo...","robots":{"index":"index","follow":"follow","max-snippet":"max-snippet:-1","max-image-preview":"max-image-preview:large","max-video-preview":"max-video-preview:-1"},"canonical":"https:\/\/capturetheatlas.com\/es\/que-ver-en-el-medano\/","og_locale":"es_ES","og_type":"article","og_title":"Qu\u00e9 Ver en El M\u00e9dano, el Pueblo M\u00e1s Bonito de Tenerife","og_description":"Imprescindibles que tienes que ver y hacer en el M\u00e9dano, Tenerife. Actividades en el M\u00e9dano, tiempo, playas, senderismo...","og_url":"https:\/\/capturetheatlas.com\/es\/que-ver-en-el-medano\/","og_site_name":"Capture the Atlas","article_publisher":"https:\/\/www.facebook.com\/capturetheatlas\/","article_author":"https:\/\/www.facebook.com\/capturetheatlas\/","article_published_time":"2021-12-23T09:35:06+00:00","article_modified_time":"2023-10-07T03:41:03+00:00","og_image":[{"width":1415,"height":1061,"url":"https:\/\/imgcap.capturetheatlas.com\/wp-content\/uploads\/2021\/12\/playa-de-la-pelada-principal.jpg","type":"image\/jpeg"}],"author":"Ascen Aynat","twitter_misc":{"Escrito por":"Ascen Aynat","Tiempo de lectura":"12 minutos"},"schema":{"@context":"https:\/\/schema.org","@graph":[{"@type":"Article","@id":"https:\/\/capturetheatlas.com\/es\/que-ver-en-el-medano\/#article","isPartOf":{"@id":"https:\/\/capturetheatlas.com\/es\/que-ver-en-el-medano\/"},"author":{"name":"Ascen Aynat","@id":"https:\/\/capturetheatlas.com\/es\/#\/schema\/person\/bbef6bc7b085062bc0dfa102d06fa6d4"},"headline":"Qu\u00e9 Ver en El M\u00e9dano, el Pueblo M\u00e1s Bonito de Tenerife","datePublished":"2021-12-23T09:35:06+00:00","dateModified":"2023-10-07T03:41:03+00:00","mainEntityOfPage":{"@id":"https:\/\/capturetheatlas.com\/es\/que-ver-en-el-medano\/"},"wordCount":2350,"commentCount":0,"publisher":{"@id":"https:\/\/capturetheatlas.com\/es\/#organization"},"image":{"@id":"https:\/\/capturetheatlas.com\/es\/que-ver-en-el-medano\/#primaryimage"},"thumbnailUrl":"https:\/\/imgcap.capturetheatlas.com\/wp-content\/uploads\/2021\/12\/playa-de-la-pelada-principal.jpg","articleSection":["Espa\u00f1a","Europa","Islas Canarias","Tenerife","Viajes"],"inLanguage":"es","potentialAction":[{"@type":"CommentAction","name":"Comment","target":["https:\/\/capturetheatlas.com\/es\/que-ver-en-el-medano\/#respond"]}]},{"@type":"WebPage","@id":"https:\/\/capturetheatlas.com\/es\/que-ver-en-el-medano\/","url":"https:\/\/capturetheatlas.com\/es\/que-ver-en-el-medano\/","name":"Qu\u00e9 Ver en El M\u00e9dano, el Pueblo M\u00e1s Bonito de Tenerife + Mapa","isPartOf":{"@id":"https:\/\/capturetheatlas.com\/es\/#website"},"primaryImageOfPage":{"@id":"https:\/\/capturetheatlas.com\/es\/que-ver-en-el-medano\/#primaryimage"},"image":{"@id":"https:\/\/capturetheatlas.com\/es\/que-ver-en-el-medano\/#primaryimage"},"thumbnailUrl":"https:\/\/imgcap.capturetheatlas.com\/wp-content\/uploads\/2021\/12\/playa-de-la-pelada-principal.jpg","datePublished":"2021-12-23T09:35:06+00:00","dateModified":"2023-10-07T03:41:03+00:00","description":"Imprescindibles que tienes que ver y hacer en el M\u00e9dano, Tenerife. Actividades en el M\u00e9dano, tiempo, playas, senderismo...","breadcrumb":{"@id":"https:\/\/capturetheatlas.com\/es\/que-ver-en-el-medano\/#breadcrumb"},"inLanguage":"es","potentialAction":[{"@type":"ReadAction","target":["https:\/\/capturetheatlas.com\/es\/que-ver-en-el-medano\/"]}]},{"@type":"ImageObject","inLanguage":"es","@id":"https:\/\/capturetheatlas.com\/es\/que-ver-en-el-medano\/#primaryimage","url":"https:\/\/imgcap.capturetheatlas.com\/wp-content\/uploads\/2021\/12\/playa-de-la-pelada-principal.jpg","contentUrl":"https:\/\/imgcap.capturetheatlas.com\/wp-content\/uploads\/2021\/12\/playa-de-la-pelada-principal.jpg","width":1415,"height":1061,"caption":"Playa de la Pelada"},{"@type":"BreadcrumbList","@id":"https:\/\/capturetheatlas.com\/es\/que-ver-en-el-medano\/#breadcrumb","itemListElement":[{"@type":"ListItem","position":1,"name":"Home","item":"https:\/\/capturetheatlas.com\/es\/"},{"@type":"ListItem","position":2,"name":"Viajes","item":"https:\/\/capturetheatlas.com\/es\/viajes\/"},{"@type":"ListItem","position":3,"name":"Europa","item":"https:\/\/capturetheatlas.com\/es\/viajes\/europa\/"},{"@type":"ListItem","position":4,"name":"Espa\u00f1a","item":"https:\/\/capturetheatlas.com\/es\/viajes\/europa\/espana\/"},{"@type":"ListItem","position":5,"name":"Islas Canarias","item":"https:\/\/capturetheatlas.com\/es\/viajes\/europa\/espana\/islas-canarias\/"},{"@type":"ListItem","position":6,"name":"Tenerife","item":"https:\/\/capturetheatlas.com\/es\/viajes\/europa\/espana\/islas-canarias\/viajar-a-tenerife\/"},{"@type":"ListItem","position":7,"name":"Qu\u00e9 Ver en El M\u00e9dano, el Pueblo M\u00e1s Bonito de Tenerife"}]},{"@type":"WebSite","@id":"https:\/\/capturetheatlas.com\/es\/#website","url":"https:\/\/capturetheatlas.com\/es\/","name":"Capture the Atlas","description":"PHOTOGRAPHY \u00b7 TRAVEL \u00b7 ADVENTURE","publisher":{"@id":"https:\/\/capturetheatlas.com\/es\/#organization"},"potentialAction":[{"@type":"SearchAction","target":{"@type":"EntryPoint","urlTemplate":"https:\/\/capturetheatlas.com\/es\/?s={search_term_string}"},"query-input":{"@type":"PropertyValueSpecification","valueRequired":true,"valueName":"search_term_string"}}],"inLanguage":"es"},{"@type":"Organization","@id":"https:\/\/capturetheatlas.com\/es\/#organization","name":"Capture the Atlas","url":"https:\/\/capturetheatlas.com\/es\/","logo":{"@type":"ImageObject","inLanguage":"es","@id":"https:\/\/capturetheatlas.com\/es\/#\/schema\/logo\/image\/","url":"https:\/\/imgcap.capturetheatlas.com\/wp-content\/uploads\/2024\/03\/PNG-white-background-small.png","contentUrl":"https:\/\/imgcap.capturetheatlas.com\/wp-content\/uploads\/2024\/03\/PNG-white-background-small.png","width":500,"height":500,"caption":"Capture the Atlas"},"image":{"@id":"https:\/\/capturetheatlas.com\/es\/#\/schema\/logo\/image\/"},"sameAs":["https:\/\/www.facebook.com\/capturetheatlas\/","https:\/\/x.com\/capturetheatlas","https:\/\/www.instagram.com\/capturetheatlas\/","https:\/\/www.youtube.com\/channel\/UCJJlhj2psDvxXGhR3CmDeZg","https:\/\/pinterest.com\/capturetheatlas\/","https:\/\/www.linkedin.com\/company\/capture-the-atlas\/"]},{"@type":"Person","@id":"https:\/\/capturetheatlas.com\/es\/#\/schema\/person\/bbef6bc7b085062bc0dfa102d06fa6d4","name":"Ascen Aynat","image":{"@type":"ImageObject","inLanguage":"es","@id":"https:\/\/capturetheatlas.com\/es\/#\/schema\/person\/image\/","url":"https:\/\/secure.gravatar.com\/avatar\/22a4f7933f8911e325af81b1380680461df182a6caac247fb9476d2f657f8b89?s=96&d=mm&r=g","contentUrl":"https:\/\/secure.gravatar.com\/avatar\/22a4f7933f8911e325af81b1380680461df182a6caac247fb9476d2f657f8b89?s=96&d=mm&r=g","caption":"Ascen Aynat"},"description":"Hey there, I'm Ascen, your personal trip planner on a mission to help you craft the most incredible adventure of your life. While I'm based in Las Vegas, you won't find me there often. As a full-time traveler, I'm always on the go, exploring new destinations and capturing the world through my lens. From the enchanting shores of Almeria, Spain, where I grew up, to the far reaches of the globe, I'm here to provide you with detailed travel guides and practical tips to make your trip planning a breeze. Find out more about me here.","sameAs":["https:\/\/ascenaynat.com","https:\/\/www.facebook.com\/capturetheatlas\/","https:\/\/www.instagram.com\/capturetheatlas\/","https:\/\/www.linkedin.com\/in\/ascensionaynat\/en","https:\/\/pinterest.com\/capturetheatlas\/"],"honorificPrefix":"Ms","birthDate":"1990-12-29","gender":"female","award":["Best Travel Blog - 2024"],"knowsAbout":["Travel Blogging","Travel Logistics","Photography"],"knowsLanguage":["English","Spanish"],"jobTitle":"Owner","worksFor":"Capture the Atlas","url":"https:\/\/capturetheatlas.com\/es\/author\/admin\/"}]}},"_links":{"self":[{"href":"https:\/\/capturetheatlas.com\/es\/wp-json\/wp\/v2\/posts\/175908","targetHints":{"allow":["GET"]}}],"collection":[{"href":"https:\/\/capturetheatlas.com\/es\/wp-json\/wp\/v2\/posts"}],"about":[{"href":"https:\/\/capturetheatlas.com\/es\/wp-json\/wp\/v2\/types\/post"}],"author":[{"embeddable":true,"href":"https:\/\/capturetheatlas.com\/es\/wp-json\/wp\/v2\/users\/1"}],"replies":[{"embeddable":true,"href":"https:\/\/capturetheatlas.com\/es\/wp-json\/wp\/v2\/comments?post=175908"}],"version-history":[{"count":1,"href":"https:\/\/capturetheatlas.com\/es\/wp-json\/wp\/v2\/posts\/175908\/revisions"}],"predecessor-version":[{"id":389013,"href":"https:\/\/capturetheatlas.com\/es\/wp-json\/wp\/v2\/posts\/175908\/revisions\/389013"}],"wp:featuredmedia":[{"embeddable":true,"href":"https:\/\/capturetheatlas.com\/es\/wp-json\/wp\/v2\/media\/176236"}],"wp:attachment":[{"href":"https:\/\/capturetheatlas.com\/es\/wp-json\/wp\/v2\/media?parent=175908"}],"wp:term":[{"taxonomy":"category","embeddable":true,"href":"https:\/\/capturetheatlas.com\/es\/wp-json\/wp\/v2\/categories?post=175908"},{"taxonomy":"post_tag","embeddable":true,"href":"https:\/\/capturetheatlas.com\/es\/wp-json\/wp\/v2\/tags?post=175908"}],"curies":[{"name":"wp","href":"https:\/\/api.w.org\/{rel}","templated":true}]}}