{"id":6041,"date":"2017-07-03T12:02:17","date_gmt":"2017-07-03T17:02:17","guid":{"rendered":"https:\/\/capturetheatlas.com\/?p=6041"},"modified":"2023-05-29T12:10:42","modified_gmt":"2023-05-29T17:10:42","slug":"cuba-viaje-15-dias","status":"publish","type":"post","link":"https:\/\/capturetheatlas.com\/es\/cuba-viaje-15-dias\/","title":{"rendered":"Nuestro Viaje a Cuba Durante 15 D\u00edas de Mochileros"},"content":{"rendered":"<p style=\"text-align: justify;\"><strong>\u00bfQui\u00e9n no querr\u00eda viajar a Cuba durante los pr\u00f3ximos 15 d\u00edas?<\/strong> Su peculiar situaci\u00f3n pol\u00edtica, junto con su magn\u00edfico clima regalo del <strong>Mar Caribe<\/strong>, sus rones y sus playas paradis\u00edacas, atrae la curiosidad de millones de turistas cada a\u00f1o. El <strong>r\u00e9gimen comunista <\/strong>y el <strong>bloqueo<\/strong> mundial, que a d\u00eda de hoy sigue afectando, han preservado la historia del pa\u00eds. Una desdicha para la mayor\u00eda; una riqueza en cultura muy pura que atrae las miradas de todo el mundo.<\/p>\n<p style=\"text-align: justify;\">Y es que Cuba es esa vieja cuyas arrugas no son capaces de ocultar una descomunal belleza que nos habla de sus a\u00f1os de gloria. Una belleza que pudimos descubrir capa a capa, calle a calle.<\/p>\n<p><img decoding=\"async\" class=\"wp-image-6116 size-full\" src=\"https:\/\/imgcap.capturetheatlas.com\/wp-content\/uploads\/2017\/06\/habana-cuba-coche-azul-senora.jpg\" alt=\"Que hacer en Cuba en 15 d\u00edas. La Habana coche azul se\u00f1ora puerta azul\" width=\"1920\" height=\"1277\" srcset=\"https:\/\/imgcap.capturetheatlas.com\/wp-content\/uploads\/2017\/06\/habana-cuba-coche-azul-senora-300x200.jpg 300w, https:\/\/imgcap.capturetheatlas.com\/wp-content\/uploads\/2017\/06\/habana-cuba-coche-azul-senora-768x512.jpg 768w, https:\/\/imgcap.capturetheatlas.com\/wp-content\/uploads\/2017\/06\/habana-cuba-coche-azul-senora-1024x682.jpg 1024w, https:\/\/imgcap.capturetheatlas.com\/wp-content\/uploads\/2017\/06\/habana-cuba-coche-azul-senora-570x380.jpg 570w\" sizes=\"(max-width: 1920px) 100vw, 1920px\" \/><\/p>\n<p style=\"text-align: justify;\">Cuba fue un viaje totalmente improvisado. Con tan solo un mes por anticipado decidimos embarcarnos en esta aventura. Y es que viajar a Cuba no tiene nada que ver con viajar a cualquier otra parte del mundo. Hay que estar preparado para un fuerte choque cultural que se ocupar\u00e1 de derribar cada una de tus creencias.<\/p>\n<h2 style=\"text-align: justify;\"><strong>Porqu\u00e9 tienes que viajar a Cuba ya<\/strong><\/h2>\n<p style=\"text-align: justify;\">La Cuba de hoy no es la Cuba de ayer y no ser\u00e1 la de ma\u00f1ana. No hab\u00edamos deshecho las maletas tras nuestro viaje a Cuba cuando anunciaron la muerte del revolucionario<strong> Fidel Castro.<\/strong><\/p>\n<p style=\"text-align: justify;\">Y es que si hay un punto de inflexi\u00f3n en toda la historia de la Cuba postcolonizaci\u00f3n, ese es <strong>la Revoluci\u00f3n Cubana de 1959. <\/strong>Cuando en un mundo totalmente capitalizado la isla instaur\u00f3 un r\u00e9gimen comunista que dura hasta la actualidad pese a la presi\u00f3n internacional.<\/p>\n<p><img decoding=\"async\" class=\"size-full wp-image-6138\" src=\"https:\/\/imgcap.capturetheatlas.com\/wp-content\/uploads\/2017\/06\/taxi-coches-viejos-colores-habana.jpg\" alt=\"Coches viejos de colores La Habana Cuba. Que hacer en Cuba en 15 d\u00edas.\" width=\"1920\" height=\"1277\" srcset=\"https:\/\/imgcap.capturetheatlas.com\/wp-content\/uploads\/2017\/06\/taxi-coches-viejos-colores-habana.jpg 1415w, https:\/\/imgcap.capturetheatlas.com\/wp-content\/uploads\/2017\/06\/taxi-coches-viejos-colores-habana-300x200.jpg 300w, https:\/\/imgcap.capturetheatlas.com\/wp-content\/uploads\/2017\/06\/taxi-coches-viejos-colores-habana-768x511.jpg 768w, https:\/\/imgcap.capturetheatlas.com\/wp-content\/uploads\/2017\/06\/taxi-coches-viejos-colores-habana-1024x681.jpg 1024w, https:\/\/imgcap.capturetheatlas.com\/wp-content\/uploads\/2017\/06\/taxi-coches-viejos-colores-habana-571x380.jpg 571w\" sizes=\"(max-width: 1920px) 100vw, 1920px\" \/><\/p>\n<p style=\"text-align: justify;\">Ya en la vejez de Fidel, y tras el traspaso de poderes a su hermano Ra\u00fal, se vivi\u00f3 una apertura internacional y un ligero acercamiento al capitalismo mundial. Ahora que Fidel no est\u00e1, los cambios ser\u00e1n muchos m\u00e1s r\u00e1pidos. As\u00ed que <strong>si quieres viajar a Cuba hazlo ahora<\/strong>. No esperes ni un d\u00eda m\u00e1s porque la Cuba del futuro ser\u00e1 otra isla m\u00e1s del Caribe, o quiz\u00e1s un comunismo teatralizado de lo que fue y ya nunca m\u00e1s ser\u00e1, usado como reclamo tur\u00edstico.<\/p>\n<h2 style=\"text-align: justify;\"><strong>Itinerario de viaje por el Norte de Cuba durante 15 d\u00edas<\/strong><\/h2>\n<p style=\"text-align: justify;\">La isla de Cuba tiene dos grandes ciudades, <strong>la Habana <\/strong>y <strong>Santiago de Cuba.<\/strong> Ambas separadas por casi 1000 kil\u00f3metros. En 15 d\u00edas es imposible recorrer toda la isla a fondo, por lo que tras comprar los billetes a<strong> la Habana<\/strong> y analizar todo lo <a href=\"https:\/\/capturetheatlas.com\/es\/que-ver-en-cuba\/\" target=\"_blank\" rel=\"noopener noreferrer\"><strong>que hay que ver en Cuba,<\/strong> <\/a>decidimos explorar toda la mitad superior; dejando por conocer Santiago para una segunda visita.<\/p>\n<p style=\"text-align: justify;\">Incluso as\u00ed, en dos semanas nos dejamos un mont\u00f3n de cosas por ver del norte del pa\u00eds. Pero creemos que nuestro <strong>itinerario de 15 d\u00edas en Cuba<\/strong> aprovechaba al m\u00e1ximo nuestros d\u00edas en la isla y nos llev\u00f3 por una ruta de contrastes para conocer la realidad del pueblo cubano.<\/p>\n<p><img decoding=\"async\" class=\"size-full wp-image-6142\" src=\"https:\/\/imgcap.capturetheatlas.com\/wp-content\/uploads\/2017\/06\/puesto-de-platanos-en-habana-centro.jpg\" alt=\"Que hacer en Cuba en 15 d\u00edas. Escenas cotidianas de la Habana centro puesto de pl\u00e1tanos cuba\" width=\"1920\" height=\"1277\" srcset=\"https:\/\/imgcap.capturetheatlas.com\/wp-content\/uploads\/2017\/06\/puesto-de-platanos-en-habana-centro.jpg 899w, https:\/\/imgcap.capturetheatlas.com\/wp-content\/uploads\/2017\/06\/puesto-de-platanos-en-habana-centro-300x200.jpg 300w, https:\/\/imgcap.capturetheatlas.com\/wp-content\/uploads\/2017\/06\/puesto-de-platanos-en-habana-centro-768x511.jpg 768w, https:\/\/imgcap.capturetheatlas.com\/wp-content\/uploads\/2017\/06\/puesto-de-platanos-en-habana-centro-571x380.jpg 571w\" sizes=\"(max-width: 1920px) 100vw, 1920px\" \/><\/p>\n<p style=\"text-align: justify;\">Pese a tener un esquema definido, en este viaje dispon\u00edamos de mucha flexibilidad, ya que decid\u00edamos d\u00f3nde \u00edbamos a dormir seg\u00fan lleg\u00e1bamos a un nuevo destino. Esta flexibilidad es muy recomendable si viajas de <strong>mochilero a Cuba,<\/strong> donde es muy f\u00e1cil encontrar <strong>casas particulares<\/strong> que quieran darte alojamiento.<\/p>\n<p style=\"text-align: justify;\">Nosotros de esta manera conseguimos ir ajustando el itinerario sobre la marcha, seg\u00fan gustos e imprevistos; como el d\u00eda que perdimos porque tuve que usar mi <a href=\"https:\/\/capturetheatlas.com\/es\/seguro-de-viaje-larga-estancia\/\" target=\"_blank\" rel=\"noopener noreferrer\"><strong>seguro de viaje largo<\/strong><\/a> por una infecci\u00f3n de amebas. Solo llev\u00e1bamos un borrador del recorrido dibujado sobre un mapa y las dos primeras noches de <a href=\"http:\/\/www.airbnb.es\/c\/ascensiona5\" target=\"_blank\" rel=\"nofollow noopener noreferrer\">Airbnb<\/a> en la Habana (te cuento aqu\u00ed <a href=\"https:\/\/capturetheatlas.com\/es\/que-es-airbnb-cupon-descuento\/\" target=\"_blank\" rel=\"noopener noreferrer\"><strong>c\u00f3mo funciona Airbnb<\/strong><\/a>).<\/p>\n<blockquote>\t\t<div data-elementor-type=\"wp-post\" data-elementor-id=\"13366\" class=\"elementor elementor-13366\" data-elementor-post-type=\"ae_global_templates\">\n\t\t\t\t\t\t<section class=\"elementor-section elementor-top-section elementor-element elementor-element-1af41592 elementor-section-boxed elementor-section-height-default elementor-section-height-default\" data-id=\"1af41592\" data-element_type=\"section\" data-settings=\"{&quot;jet_parallax_layout_list&quot;:[]}\">\n\t\t\t\t\t\t<div class=\"elementor-container elementor-column-gap-default\">\n\t\t\t\t\t<div class=\"elementor-column elementor-col-100 elementor-top-column elementor-element elementor-element-1331913\" data-id=\"1331913\" data-element_type=\"column\">\n\t\t\t<div class=\"elementor-widget-wrap elementor-element-populated\">\n\t\t\t\t\t\t<div class=\"elementor-element elementor-element-5f4ee582 elementor-button-success elementor-align-center elementor-widget elementor-widget-button\" data-id=\"5f4ee582\" data-element_type=\"widget\" data-widget_type=\"button.default\">\n\t\t\t\t<div class=\"elementor-widget-container\">\n\t\t\t\t\t\t\t\t\t<div class=\"elementor-button-wrapper\">\n\t\t\t\t\t<a class=\"elementor-button elementor-button-link elementor-size-md\" href=\"https:\/\/es.airbnb.com\/c\/ascensiona5\" target=\"_blank\" rel=\"nofollow\">\n\t\t\t\t\t\t<span class=\"elementor-button-content-wrapper\">\n\t\t\t\t\t\t<span class=\"elementor-button-icon\">\n\t\t\t\t<i aria-hidden=\"true\" class=\"fas fa-bed\"><\/i>\t\t\t<\/span>\n\t\t\t\t\t\t\t\t\t<span class=\"elementor-button-text\">45\u20ac de regalo en tu airbnb<\/span>\n\t\t\t\t\t<\/span>\n\t\t\t\t\t<\/a>\n\t\t\t\t<\/div>\n\t\t\t\t\t\t\t\t<\/div>\n\t\t\t\t<\/div>\n\t\t\t\t\t<\/div>\n\t\t<\/div>\n\t\t\t\t\t<\/div>\n\t\t<\/section>\n\t\t\t\t<\/div>\n\t\t<\/blockquote>\n<p><img decoding=\"async\" class=\"size-full wp-image-6954\" src=\"https:\/\/imgcap.capturetheatlas.com\/wp-content\/uploads\/2017\/08\/atardecer-playa-ancon-trinidad-cuba-beach-sunset.jpg\" alt=\"atardecer playa ancon trinidad cuba beach sunset. Itinerario de viaje a Cuba.\" width=\"1920\" height=\"1277\"><\/p>\n<p style=\"text-align: justify;\">En este apartado os contamos nuestro recorrido por el norte de la isla que pod\u00e9is tener en cuenta si viaj\u00e1is a Cuba 15 d\u00edas.<\/p>\n<h3 style=\"text-align: justify;\">La Habana<\/h3>\n<p style=\"text-align: justify;\">La amar\u00e1s y odiar\u00e1s al mismo tiempo. Fachadas en ruinas que en su pasado fueron lujosos palacetes. Caos y humo. Vida aut\u00e9ntica y banal en su Malec\u00f3n. Cultura afrocubana. <strong>La Habana es un museo atrapado en el tiempo.<\/strong> No puedes ni debes rehuirla si visitas la zona norte de Cuba.<\/p>\n<p><img decoding=\"async\" class=\"wp-image-6105 size-full\" src=\"https:\/\/imgcap.capturetheatlas.com\/wp-content\/uploads\/2017\/06\/coche-antiguo-rojo-calle-lamparilla-la-habana-vieja.jpg\" alt=\"coche antiguo rojo calle lamparilla la Habana vieja. Que hacer en Cuba en 15 d\u00edas.\" width=\"1920\" height=\"1277\" srcset=\"https:\/\/imgcap.capturetheatlas.com\/wp-content\/uploads\/2017\/06\/coche-antiguo-rojo-calle-lamparilla-la-habana-vieja.jpg 1415w, https:\/\/imgcap.capturetheatlas.com\/wp-content\/uploads\/2017\/06\/coche-antiguo-rojo-calle-lamparilla-la-habana-vieja-300x200.jpg 300w, https:\/\/imgcap.capturetheatlas.com\/wp-content\/uploads\/2017\/06\/coche-antiguo-rojo-calle-lamparilla-la-habana-vieja-768x511.jpg 768w, https:\/\/imgcap.capturetheatlas.com\/wp-content\/uploads\/2017\/06\/coche-antiguo-rojo-calle-lamparilla-la-habana-vieja-1024x681.jpg 1024w, https:\/\/imgcap.capturetheatlas.com\/wp-content\/uploads\/2017\/06\/coche-antiguo-rojo-calle-lamparilla-la-habana-vieja-571x380.jpg 571w\" sizes=\"(max-width: 1920px) 100vw, 1920px\" \/><\/p>\n<p style=\"text-align: justify;\">Nosotros pasamos 4 d\u00edas en la Habana. Sin embargo, aunque nos dejamos muchas cosas por ver, creo que uno de esos d\u00edas me hubiera gustado pasarlo en otro de los destinos que visitamos en lugar de en la capital. Si crees que te puedes agobiar mucho con el ritmo de vida de la Habana reserva un m\u00e1ximo de 3 d\u00edas para explorar esta ciudad.<\/p>\n<h5 style=\"text-align: justify;\">La Habana Vieja<\/h5>\n<p style=\"text-align: justify;\">Pasear por la Habana Vieja es hacer un viaje en el tiempo. El casco antiguo de la ciudad es la zona m\u00e1s tur\u00edstica de la capital. Entre joyas neocl\u00e1sicas&nbsp; y plazas hist\u00f3ricas encontrar\u00e1s los dos locales m\u00e1s archiconocidos de la isla.&nbsp;<a href=\"http:\/\/labodeguitarestaurant.restaurantwebx.com\/\" target=\"_blank\" rel=\"nofollow noopener noreferrer\">La Bodeguita del Medio<\/a> y <a href=\"http:\/\/www.floridita-cuba.com\/\" target=\"_blank\" rel=\"nofollow noopener noreferrer\">El&nbsp;Floridita<\/a>, ambos muy frecuentados por el escritor Ernest Hemingway que los populariz\u00f3 con su aclamada frase: <strong>\u201cMy Mojito in La Bodeguita. My Daiquiri in El Floridita.\u201d<\/strong><\/p>\n<p><img decoding=\"async\" class=\"wp-image-6099 size-full\" src=\"https:\/\/imgcap.capturetheatlas.com\/wp-content\/uploads\/2017\/06\/preparacion-de-mojitos-en-la-bodeguita-del-medio.jpg\" alt=\"Preparaci\u00f3n de Mojitos en la Bodeguita del Medio la Habana Cuba. Que hacer en Cuba en 15 d\u00edas.\" width=\"1920\" height=\"1277\" srcset=\"https:\/\/imgcap.capturetheatlas.com\/wp-content\/uploads\/2017\/06\/preparacion-de-mojitos-en-la-bodeguita-del-medio.jpg 899w, https:\/\/imgcap.capturetheatlas.com\/wp-content\/uploads\/2017\/06\/preparacion-de-mojitos-en-la-bodeguita-del-medio-300x200.jpg 300w, https:\/\/imgcap.capturetheatlas.com\/wp-content\/uploads\/2017\/06\/preparacion-de-mojitos-en-la-bodeguita-del-medio-768x511.jpg 768w, https:\/\/imgcap.capturetheatlas.com\/wp-content\/uploads\/2017\/06\/preparacion-de-mojitos-en-la-bodeguita-del-medio-571x380.jpg 571w\" sizes=\"(max-width: 1920px) 100vw, 1920px\" \/><\/p>\n<p style=\"text-align: justify;\">Aparte de probar respectivos brebajes encontrar\u00e1s un mont\u00f3n de buenos restaurantes, como el <a href=\"http:\/\/donaeutimia.restaurantwebexperts.com\/\" target=\"_blank\" rel=\"nofollow noopener noreferrer\">Do\u00f1a Eutimia.<\/a> Eso s\u00ed, m\u00e1s caros que otras zonas de la Habana.<\/p>\n<h5 style=\"text-align: justify;\">La Habana Centro<\/h5>\n<p style=\"text-align: justify;\">Aunque en esta parte de la Habana hay alg\u00fan que otro sitio tur\u00edstico, como <strong>el Capitolio<\/strong> o el <strong>Museo de la Revoluci\u00f3n<\/strong>, la Habana Centro es el aparato locomotor de la ciudad. Aqu\u00ed hacen vida los cubanos y es por ello la parte m\u00e1s aut\u00e9ntica y original de la Habana.<\/p>\n<p><img decoding=\"async\" class=\"aligncenter wp-image-6141 size-full\" src=\"https:\/\/imgcap.capturetheatlas.com\/wp-content\/uploads\/2017\/06\/coche-rojo-reflejo-capitolio-la-habana-centro.jpg\" alt=\"coche rojo reflejo capitolio la Habana centro cuba. Que hacer en Cuba en 15 d\u00edas.\" width=\"1920\" height=\"1276\" srcset=\"https:\/\/imgcap.capturetheatlas.com\/wp-content\/uploads\/2017\/06\/coche-rojo-reflejo-capitolio-la-habana-centro.jpg 1415w, https:\/\/imgcap.capturetheatlas.com\/wp-content\/uploads\/2017\/06\/coche-rojo-reflejo-capitolio-la-habana-centro-300x200.jpg 300w, https:\/\/imgcap.capturetheatlas.com\/wp-content\/uploads\/2017\/06\/coche-rojo-reflejo-capitolio-la-habana-centro-768x511.jpg 768w, https:\/\/imgcap.capturetheatlas.com\/wp-content\/uploads\/2017\/06\/coche-rojo-reflejo-capitolio-la-habana-centro-1024x681.jpg 1024w, https:\/\/imgcap.capturetheatlas.com\/wp-content\/uploads\/2017\/06\/coche-rojo-reflejo-capitolio-la-habana-centro-571x380.jpg 571w\" sizes=\"(max-width: 1920px) 100vw, 1920px\" \/><\/p>\n<p style=\"text-align: justify;\">Recorriendo el Malec\u00f3n para llegar al otro extremo del barrio descubriremos el Callej\u00f3n de Hamel. Callej\u00f3n m\u00e1gico donde arte y cultura afrocubana se entremezclan. \u00a1No te lo pierdas!<\/p>\n<h5 style=\"text-align: justify;\">Vedado<\/h5>\n<p style=\"text-align: justify;\">Es el barrio m\u00e1s nuevo de todos, formado durante la \u00e9poca de esplendor de Cuba. En \u00e9l se encontraban los grandes casinos, cabarets y hoteles gestionados por la mafia americana.<\/p>\n<p style=\"text-align: justify;\">En la actualidad es un barrio residencial y aunque es el que alberga menos lugares para visitar por el turista, hay alguno ineludible, como es la<strong> Plaza de la Revoluci\u00f3n.<\/strong><\/p>\n<p><img decoding=\"async\" class=\"wp-image-6181 size-full\" src=\"https:\/\/imgcap.capturetheatlas.com\/wp-content\/uploads\/2017\/06\/relieve-del-che-plaza-de-la-revolucion-la-habana.jpg\" alt=\"relieve del che plaza de la revolucion la habana cuba. Itinerario de viaje para mochileros norte de cuba en 15 dias\" width=\"1920\" height=\"1080\" srcset=\"https:\/\/imgcap.capturetheatlas.com\/wp-content\/uploads\/2017\/06\/relieve-del-che-plaza-de-la-revolucion-la-habana.jpg 900w, https:\/\/imgcap.capturetheatlas.com\/wp-content\/uploads\/2017\/06\/relieve-del-che-plaza-de-la-revolucion-la-habana-300x169.jpg 300w, https:\/\/imgcap.capturetheatlas.com\/wp-content\/uploads\/2017\/06\/relieve-del-che-plaza-de-la-revolucion-la-habana-768x432.jpg 768w, https:\/\/imgcap.capturetheatlas.com\/wp-content\/uploads\/2017\/06\/relieve-del-che-plaza-de-la-revolucion-la-habana-676x380.jpg 676w\" sizes=\"(max-width: 1920px) 100vw, 1920px\" \/><\/p>\n<p style=\"text-align: justify;\">La Habana tiene mil rincones por descubrir. Para organizar vuestros d\u00edas en esta ciudad os recomiendo que no os perd\u00e1is nuestra <a href=\"https:\/\/capturetheatlas.com\/es\/que-hacer-habana-cuba-guia-completa\/\" target=\"_blank\" rel=\"noopener noreferrer\"><strong>Gu\u00eda Completa de la Habana.<\/strong><\/a><\/p>\n<h5 style=\"text-align: justify;\">Cienfuegos<\/h5>\n<p style=\"text-align: justify;\"><strong>Cienfuegos puede ser visitada como una excursi\u00f3n de un d\u00eda<\/strong> para disfrutar de sus edificios neocl\u00e1sicos. \u00c9stos le han otorgado a la ciudad el reconocimiento como Patrimonio de la Humanidad.<\/p>\n<p><img decoding=\"async\" class=\"wp-image-6167 size-full\" src=\"https:\/\/imgcap.capturetheatlas.com\/wp-content\/uploads\/2017\/06\/palacio-ferrer-cienfuegos-cuba.jpg\" alt=\"cienfuegos cuba palacio ferrer azul fachada exterior\" width=\"1920\" height=\"1277\" srcset=\"https:\/\/imgcap.capturetheatlas.com\/wp-content\/uploads\/2017\/06\/palacio-ferrer-cienfuegos-cuba.jpg 899w, https:\/\/imgcap.capturetheatlas.com\/wp-content\/uploads\/2017\/06\/palacio-ferrer-cienfuegos-cuba-300x200.jpg 300w, https:\/\/imgcap.capturetheatlas.com\/wp-content\/uploads\/2017\/06\/palacio-ferrer-cienfuegos-cuba-768x511.jpg 768w, https:\/\/imgcap.capturetheatlas.com\/wp-content\/uploads\/2017\/06\/palacio-ferrer-cienfuegos-cuba-571x380.jpg 571w\" sizes=\"(max-width: 1920px) 100vw, 1920px\" \/><\/p>\n<p style=\"text-align: justify;\">Esta peque\u00f1a ciudad, conocida como la Perla del Sur, es parada obligatoria en tu viaje a Cuba en 15 d\u00edas si te interesa la arquitectura cubana y en especial la arquitectura ecl\u00e9ctica muy presente en los palacetes situados en Punta Gorda.<\/p>\n<p><img decoding=\"async\" class=\"wp-image-6681 size-full\" src=\"https:\/\/imgcap.capturetheatlas.com\/wp-content\/uploads\/2017\/07\/club-cienfuegos-y-palacio-azul-punta-gorda.jpg\" alt=\"Club Cienfuegos y Palacio Azul en Punta Gorda Cuba atardecer mansiones coloniales. Itinerario de viaje para mochileros norte de cuba en 15 dias\" width=\"1920\" height=\"1277\" srcset=\"https:\/\/imgcap.capturetheatlas.com\/wp-content\/uploads\/2017\/07\/club-cienfuegos-y-palacio-azul-punta-gorda.jpg 899w, https:\/\/imgcap.capturetheatlas.com\/wp-content\/uploads\/2017\/07\/club-cienfuegos-y-palacio-azul-punta-gorda-300x200.jpg 300w, https:\/\/imgcap.capturetheatlas.com\/wp-content\/uploads\/2017\/07\/club-cienfuegos-y-palacio-azul-punta-gorda-768x511.jpg 768w, https:\/\/imgcap.capturetheatlas.com\/wp-content\/uploads\/2017\/07\/club-cienfuegos-y-palacio-azul-punta-gorda-571x380.jpg 571w\" sizes=\"(max-width: 1920px) 100vw, 1920px\" \/><\/p>\n<p style=\"text-align: justify;\">Nosotros decidimos hacer noche para disfrutar el atardecer desde su malec\u00f3n. Nos hab\u00edan contado que era muy distinto al de la Habana y no defraud\u00f3.<\/p>\n<p><img decoding=\"async\" class=\"alignnone wp-image-6674 size-full\" src=\"https:\/\/imgcap.capturetheatlas.com\/wp-content\/uploads\/2017\/07\/palmeras-malecon-de-cienfuegos-cuba.jpg\" alt=\"Palmeras Malec\u00f3n de Cienfuegos Cuba\" width=\"1920\" height=\"1277\" srcset=\"https:\/\/imgcap.capturetheatlas.com\/wp-content\/uploads\/2017\/07\/palmeras-malecon-de-cienfuegos-cuba.jpg 1415w, https:\/\/imgcap.capturetheatlas.com\/wp-content\/uploads\/2017\/07\/palmeras-malecon-de-cienfuegos-cuba-300x200.jpg 300w, https:\/\/imgcap.capturetheatlas.com\/wp-content\/uploads\/2017\/07\/palmeras-malecon-de-cienfuegos-cuba-768x511.jpg 768w, https:\/\/imgcap.capturetheatlas.com\/wp-content\/uploads\/2017\/07\/palmeras-malecon-de-cienfuegos-cuba-1024x681.jpg 1024w, https:\/\/imgcap.capturetheatlas.com\/wp-content\/uploads\/2017\/07\/palmeras-malecon-de-cienfuegos-cuba-571x380.jpg 571w\" sizes=\"(max-width: 1920px) 100vw, 1920px\" \/><\/p>\n<p style=\"text-align: justify;\">Si quer\u00e9is saber m\u00e1s sobre la Perla del Sur aqu\u00ed os dejamos la <strong><a href=\"https:\/\/capturetheatlas.com\/es\/cienfuegos-cuba-en-un-dia\/\" target=\"_blank\" rel=\"noopener noreferrer\">Gu\u00eda para recorrer Cienfuegos en un d\u00eda.<\/a><\/strong><\/p>\n<h3 style=\"text-align: justify;\">Trinidad<\/h3>\n<p style=\"text-align: justify;\">Calles empedradas y casas coloniales de colores dan vida a <strong>nuestra ciudad favorita de Cuba.<\/strong> Adem\u00e1s a su alrededor tienes lugares alucinantes que no debes perderte.<\/p>\n<p style=\"text-align: justify;\">Al menos tres d\u00edas son necesarios para explorar esta joya y todo lo que tiene para ofrecerte.<\/p>\n<h5 style=\"text-align: justify;\">Casco antiguo<\/h5>\n<p style=\"text-align: justify;\"><strong>Trinidad es una ciudad museo.<\/strong> En su casco antiguo se encuentra una variedad muy amplia de \u00e9stos. Sin embargo lo mejor de la ciudad son sus calles y el<a href=\"https:\/\/capturetheatlas.com\/es\/musica-viaje-cuba\/\" target=\"_blank\" rel=\"noopener noreferrer\"> son cubano<\/a> que se vive en su Casa de la M\u00fasica.&nbsp;Aunque lo escuchar\u00e1s durante todo tu viaje a Cuba en 15 d\u00edas, aqu\u00ed es donde m\u00e1s lo disfrutar\u00e1s.<\/p>\n<p><img decoding=\"async\" class=\"wp-image-7066 size-full\" src=\"https:\/\/imgcap.capturetheatlas.com\/wp-content\/uploads\/2017\/08\/coloridas-casas-coloniales-cuba-trinidad.jpg\" alt=\" Itinerario de viaje para mochileros norte de cuba en 15 dias. Coloridas casas coloniales cuba trinidad\" width=\"1920\" height=\"1080\" srcset=\"https:\/\/imgcap.capturetheatlas.com\/wp-content\/uploads\/2017\/08\/coloridas-casas-coloniales-cuba-trinidad.jpg 1415w, https:\/\/imgcap.capturetheatlas.com\/wp-content\/uploads\/2017\/08\/coloridas-casas-coloniales-cuba-trinidad-300x169.jpg 300w, https:\/\/imgcap.capturetheatlas.com\/wp-content\/uploads\/2017\/08\/coloridas-casas-coloniales-cuba-trinidad-768x432.jpg 768w, https:\/\/imgcap.capturetheatlas.com\/wp-content\/uploads\/2017\/08\/coloridas-casas-coloniales-cuba-trinidad-1024x576.jpg 1024w, https:\/\/imgcap.capturetheatlas.com\/wp-content\/uploads\/2017\/08\/coloridas-casas-coloniales-cuba-trinidad-676x380.jpg 676w\" sizes=\"(max-width: 1920px) 100vw, 1920px\" \/><\/p>\n<h5>Topes de Collantes<\/h5>\n<p style=\"text-align: justify;\">En estas monta\u00f1as habita <strong>m\u00e1s de la mitad de las especies aut\u00f3ctonas<\/strong> de la isla. Haz la ruta &nbsp;que te lleva al Salto del Caburn\u00ed y disfruta tratando de capturar con tu c\u00e1mara el ave m\u00e1s peque\u00f1a del mundo, el colibr\u00ed cubano.<\/p>\n<p><img decoding=\"async\" class=\"size-full wp-image-6938\" src=\"https:\/\/imgcap.capturetheatlas.com\/wp-content\/uploads\/2017\/08\/salto-del-caburni-cascada-topes-de-collantes-trinidad-cuba.jpg\" alt=\"Salto del caburni cascada topes de collantes trinidad cuba Itinerario de viaje para mochileros norte de cuba en 15 dias\" width=\"1920\" height=\"1277\" srcset=\"https:\/\/imgcap.capturetheatlas.com\/wp-content\/uploads\/2017\/08\/salto-del-caburni-cascada-topes-de-collantes-trinidad-cuba.jpg 899w, https:\/\/imgcap.capturetheatlas.com\/wp-content\/uploads\/2017\/08\/salto-del-caburni-cascada-topes-de-collantes-trinidad-cuba-300x200.jpg 300w, https:\/\/imgcap.capturetheatlas.com\/wp-content\/uploads\/2017\/08\/salto-del-caburni-cascada-topes-de-collantes-trinidad-cuba-768x511.jpg 768w, https:\/\/imgcap.capturetheatlas.com\/wp-content\/uploads\/2017\/08\/salto-del-caburni-cascada-topes-de-collantes-trinidad-cuba-571x380.jpg 571w\" sizes=\"(max-width: 1920px) 100vw, 1920px\" \/><\/p>\n<h5>Valle de los Ingenios<\/h5>\n<p style=\"text-align: justify;\">Conoce la historia oscura de Cuba, la<strong> \u00e9poca de esclavos africanos a trav\u00e9s de los ingenios azucareros.<\/strong> Descubre la industria m\u00e1s potente que la isla ha tenido en su historia en un paisaje que te sobrecoger\u00e1n.<\/p>\n<p><img decoding=\"async\" class=\"wp-image-6947 size-full\" src=\"https:\/\/imgcap.capturetheatlas.com\/wp-content\/uploads\/2017\/08\/torre-manaca-iznaga-ingenio-cuba-trinidad.jpg\" alt=\"torre manaca iznaga ingenio cuba trinidad\" width=\"1920\" height=\"1277\" srcset=\"https:\/\/imgcap.capturetheatlas.com\/wp-content\/uploads\/2017\/08\/torre-manaca-iznaga-ingenio-cuba-trinidad.jpg 899w, https:\/\/imgcap.capturetheatlas.com\/wp-content\/uploads\/2017\/08\/torre-manaca-iznaga-ingenio-cuba-trinidad-300x200.jpg 300w, https:\/\/imgcap.capturetheatlas.com\/wp-content\/uploads\/2017\/08\/torre-manaca-iznaga-ingenio-cuba-trinidad-768x511.jpg 768w, https:\/\/imgcap.capturetheatlas.com\/wp-content\/uploads\/2017\/08\/torre-manaca-iznaga-ingenio-cuba-trinidad-571x380.jpg 571w\" sizes=\"(max-width: 1920px) 100vw, 1920px\" \/><\/p>\n<h5>Playa Anc\u00f3n<\/h5>\n<p style=\"text-align: justify;\">Visitar Playa Anc\u00f3n es obligatorio en tu paso por Trinidad. Esta<strong> playa de aguas turquesas y arena blanca<\/strong> es ideal para descansar. El acceso es muy f\u00e1cil por lo que es adecuada tambi\u00e9n para familias.<\/p>\n<p><img decoding=\"async\" class=\"wp-image-6994 size-full\" src=\"https:\/\/imgcap.capturetheatlas.com\/wp-content\/uploads\/2017\/08\/playa-ancon-trinidad-cuba-caribe.jpg\" alt=\"Playa Ancon Trinidad Cuba Caribe. Itinerario de viaje para mochileros norte de cuba en 15 dias\" width=\"1920\" height=\"1080\" srcset=\"https:\/\/imgcap.capturetheatlas.com\/wp-content\/uploads\/2017\/08\/playa-ancon-trinidad-cuba-caribe.jpg 900w, https:\/\/imgcap.capturetheatlas.com\/wp-content\/uploads\/2017\/08\/playa-ancon-trinidad-cuba-caribe-300x169.jpg 300w, https:\/\/imgcap.capturetheatlas.com\/wp-content\/uploads\/2017\/08\/playa-ancon-trinidad-cuba-caribe-768x432.jpg 768w, https:\/\/imgcap.capturetheatlas.com\/wp-content\/uploads\/2017\/08\/playa-ancon-trinidad-cuba-caribe-676x380.jpg 676w\" sizes=\"(max-width: 1920px) 100vw, 1920px\" \/><\/p>\n<p style=\"text-align: justify;\">Sin embargo lo que nos enamor\u00f3 de esta playa fueron sus atardeceres, donde el cielo parec\u00eda arder en llamas.<\/p>\n<p><img decoding=\"async\" class=\"wp-image-6962 size-full\" src=\"https:\/\/imgcap.capturetheatlas.com\/wp-content\/uploads\/2017\/08\/atardecer-playa-ancon-trinidad-cuba-beach-sunset-8.jpg\" alt=\"atardecer playa ancon trinidad cuba beach sunset\" width=\"1920\" height=\"1277\" srcset=\"https:\/\/imgcap.capturetheatlas.com\/wp-content\/uploads\/2017\/08\/atardecer-playa-ancon-trinidad-cuba-beach-sunset-8.jpg 899w, https:\/\/imgcap.capturetheatlas.com\/wp-content\/uploads\/2017\/08\/atardecer-playa-ancon-trinidad-cuba-beach-sunset-8-300x200.jpg 300w, https:\/\/imgcap.capturetheatlas.com\/wp-content\/uploads\/2017\/08\/atardecer-playa-ancon-trinidad-cuba-beach-sunset-8-768x511.jpg 768w, https:\/\/imgcap.capturetheatlas.com\/wp-content\/uploads\/2017\/08\/atardecer-playa-ancon-trinidad-cuba-beach-sunset-8-571x380.jpg 571w\" sizes=\"(max-width: 1920px) 100vw, 1920px\" \/><\/p>\n<p style=\"text-align: justify;\">En la <strong><a href=\"https:\/\/capturetheatlas.com\/es\/trinidad-cuba-guia-completa\/\" target=\"_blank\" rel=\"noopener noreferrer\">Gu\u00eda Completa de Trinidad<\/a> <\/strong>que hemos preparado encontrar\u00e1s toda la informaci\u00f3n necesaria para preparar tu viaje.<\/p>\n<h3 style=\"text-align: justify;\">Vi\u00f1ales<\/h3>\n<p style=\"text-align: justify;\"><strong>Vi\u00f1ales es la Cuba rural, la original.<\/strong> La Cuba de las plantaciones de tabaco aradas por bueyes, la del caf\u00e9, del tr\u00f3pico y de los guajiros. Disfruta de una geograf\u00eda \u00fanica con sus peculiares Mogotes formando un paisaje sin igual.<\/p>\n<p><img decoding=\"async\" class=\"wp-image-7257 size-full\" src=\"https:\/\/imgcap.capturetheatlas.com\/wp-content\/uploads\/2017\/09\/mogote-vinales-valle-cuba.jpg\" alt=\"Mogote valle vi\u00f1ales cuba. Itinerario de viaje para mochileros norte de cuba en 15 dias\" width=\"1920\" height=\"1277\" srcset=\"https:\/\/imgcap.capturetheatlas.com\/wp-content\/uploads\/2017\/09\/mogote-vinales-valle-cuba.jpg 899w, https:\/\/imgcap.capturetheatlas.com\/wp-content\/uploads\/2017\/09\/mogote-vinales-valle-cuba-300x200.jpg 300w, https:\/\/imgcap.capturetheatlas.com\/wp-content\/uploads\/2017\/09\/mogote-vinales-valle-cuba-768x511.jpg 768w, https:\/\/imgcap.capturetheatlas.com\/wp-content\/uploads\/2017\/09\/mogote-vinales-valle-cuba-571x380.jpg 571w\" sizes=\"(max-width: 1920px) 100vw, 1920px\" \/><\/p>\n<p style=\"text-align: justify;\">Explora el Valle de Vi\u00f1ales en bicicleta y ac\u00e9rcate a cada una de sus cuevas para conocer c\u00f3mo viv\u00edan los cimarrones, los esclavos hu\u00eddos de los ingenios azucareros.<\/p>\n<p><img decoding=\"async\" class=\"size-full wp-image-7272\" src=\"https:\/\/imgcap.capturetheatlas.com\/wp-content\/uploads\/2017\/09\/cimarron-vinales-cuba-cueva.jpg\" alt=\"Cueva de los Cimarrones Vi\u00f1ales Cuba\" width=\"1920\" height=\"1080\" srcset=\"https:\/\/imgcap.capturetheatlas.com\/wp-content\/uploads\/2017\/09\/cimarron-vinales-cuba-cueva.jpg 900w, https:\/\/imgcap.capturetheatlas.com\/wp-content\/uploads\/2017\/09\/cimarron-vinales-cuba-cueva-300x169.jpg 300w, https:\/\/imgcap.capturetheatlas.com\/wp-content\/uploads\/2017\/09\/cimarron-vinales-cuba-cueva-768x432.jpg 768w, https:\/\/imgcap.capturetheatlas.com\/wp-content\/uploads\/2017\/09\/cimarron-vinales-cuba-cueva-676x380.jpg 676w\" sizes=\"(max-width: 1920px) 100vw, 1920px\" \/><\/p>\n<p style=\"text-align: justify;\">Para completar tu visita, haz una ruta nocturna de ascenso hasta los Acu\u00e1ticos y contempla el amanecer con las mejores vistas del valle.<\/p>\n<p><img class=\"aligncenter size-full wp-image-7244\" style=\"display: inline-block; width: 0px; overflow: hidden; line-height: 0;\" alt=\"<span data-mce-type=\" bookmark=\"\">[Amanecer en los acu\u00e1ticos vi\u00f1ales cuba Itinerario de viaje para mochileros norte de cuba en 15 dias\u00bb width=\u00bb1920&#8243; height=\u00bb1277&#8243; \/&gt;<\/p>\n<p style=\"text-align: justify;\">En nuestra<strong><a href=\"https:\/\/capturetheatlas.com\/es\/que-hacer-vinales-3-4-dias-cuba\/\" target=\"_blank\" rel=\"noopener noreferrer\"> Gu\u00eda del Valle de Vi\u00f1ales<\/a><\/strong> no solo encontrar\u00e1s toda la informaci\u00f3n \u00fatil para tu viaje sino tambi\u00e9n los mapas offline descargables para que puedas hacer los mejores trekkings sin necesidad de gu\u00eda.<\/p>\n<h3 style=\"text-align: justify;\">Cayo Jut\u00edas<\/h3>\n<p style=\"text-align: justify;\">Cayo Jut\u00edas es un cayo perdido lejos de monstruosos complejos hoteleros y aglomeraciones. \u00c9ste es uno de los Cayos de Cuba que es m\u00e1s frecuentados por locales que por turistas. En \u00e9l encontrar\u00e1s tan solo<strong> agua turquesa, arena blanca, estrellas de mar y muchos kil\u00f3metros de playa salvaje<\/strong> esper\u00e1ndote. El para\u00edso cubano.<\/p>\n<p><img decoding=\"async\" class=\"size-full wp-image-7397\" src=\"https:\/\/imgcap.capturetheatlas.com\/wp-content\/uploads\/2017\/09\/playa-en-cayo-jutias-cuba.jpg\" alt=\"playa en cayo jut\u00edas cuba Itinerario de viaje para mochileros norte de cuba en 15 dias\" width=\"1920\" height=\"1277\" srcset=\"https:\/\/imgcap.capturetheatlas.com\/wp-content\/uploads\/2017\/09\/playa-en-cayo-jutias-cuba.jpg 1415w, https:\/\/imgcap.capturetheatlas.com\/wp-content\/uploads\/2017\/09\/playa-en-cayo-jutias-cuba-300x200.jpg 300w, https:\/\/imgcap.capturetheatlas.com\/wp-content\/uploads\/2017\/09\/playa-en-cayo-jutias-cuba-768x511.jpg 768w, https:\/\/imgcap.capturetheatlas.com\/wp-content\/uploads\/2017\/09\/playa-en-cayo-jutias-cuba-1024x681.jpg 1024w, https:\/\/imgcap.capturetheatlas.com\/wp-content\/uploads\/2017\/09\/playa-en-cayo-jutias-cuba-571x380.jpg 571w\" sizes=\"(max-width: 1920px) 100vw, 1920px\" \/><\/p>\n<p style=\"text-align: justify;\">Si andas la hora que te separa de la playa de las estrellas de mar gigantes, te aseguro que te robar\u00e1 el coraz\u00f3n. No dudar\u00e1s en proclamar que<strong> Cayo Jut\u00edas es una de las mejores playas de Cuba.<\/strong><\/p>\n<p><img decoding=\"async\" class=\"size-full wp-image-7402\" src=\"https:\/\/imgcap.capturetheatlas.com\/wp-content\/uploads\/2017\/09\/estrellas-de-mar-en-cayo-jutias-cuba.jpg\" alt=\"Estrellas de Mar en Cayo Jut\u00edas Cuba Itinerario de viaje para mochileros norte de cuba en 15 dias\" width=\"1920\" height=\"1277\" srcset=\"https:\/\/imgcap.capturetheatlas.com\/wp-content\/uploads\/2017\/09\/estrellas-de-mar-en-cayo-jutias-cuba.jpg 899w, https:\/\/imgcap.capturetheatlas.com\/wp-content\/uploads\/2017\/09\/estrellas-de-mar-en-cayo-jutias-cuba-300x200.jpg 300w, https:\/\/imgcap.capturetheatlas.com\/wp-content\/uploads\/2017\/09\/estrellas-de-mar-en-cayo-jutias-cuba-768x511.jpg 768w, https:\/\/imgcap.capturetheatlas.com\/wp-content\/uploads\/2017\/09\/estrellas-de-mar-en-cayo-jutias-cuba-571x380.jpg 571w\" sizes=\"(max-width: 1920px) 100vw, 1920px\" \/><\/p>\n<p style=\"text-align: justify;\">Para disfrutar al m\u00e1ximo de la experiencia, quedate a dormir en la playa y vive un atardecer m\u00e1gico en total soledad.<\/p>\n<p><img decoding=\"async\" class=\"size-full wp-image-7469\" src=\"https:\/\/imgcap.capturetheatlas.com\/wp-content\/uploads\/2017\/09\/atardecer-cayo-jutias-cuba-manglar.jpg\" alt=\"Atardecer en Cayo Jut\u00edas Cuba Manglar\" width=\"1920\" height=\"1276\" srcset=\"https:\/\/imgcap.capturetheatlas.com\/wp-content\/uploads\/2017\/09\/atardecer-cayo-jutias-cuba-manglar.jpg 899w, https:\/\/imgcap.capturetheatlas.com\/wp-content\/uploads\/2017\/09\/atardecer-cayo-jutias-cuba-manglar-300x200.jpg 300w, https:\/\/imgcap.capturetheatlas.com\/wp-content\/uploads\/2017\/09\/atardecer-cayo-jutias-cuba-manglar-768x511.jpg 768w, https:\/\/imgcap.capturetheatlas.com\/wp-content\/uploads\/2017\/09\/atardecer-cayo-jutias-cuba-manglar-571x380.jpg 571w\" sizes=\"(max-width: 1920px) 100vw, 1920px\" \/><\/p>\n<p style=\"text-align: justify;\">Si quieres descubrir el mejor Cayo de Cuba no te pierdas nuestra <a href=\"https:\/\/capturetheatlas.com\/es\/cayo-jutias-la-mejor-playa-de-cuba\/\" target=\"_blank\" rel=\"noopener noreferrer\"><strong>Gu\u00eda de Cayo Jut\u00edas.<\/strong><\/a><\/p>\n<h2 style=\"text-align: justify;\"><strong>c\u00f3mo empezar a Organizar un viaje de 15 d\u00edas a Cuba<\/strong><\/h2>\n<p style=\"text-align: justify;\">Si despu\u00e9s de leer este art\u00edculo tienes claro que quieres hacer un viaje de 15 d\u00edas a Cuba, os aconsejo que no os perd\u00e1is esta<a href=\"https:\/\/capturetheatlas.com\/es\/guia-completa-organizar-viaje-cuba\/\" target=\"_blank\" rel=\"noopener noreferrer\"><strong> Gu\u00eda para Organizar un Viaje a Cuba<\/strong><\/a> que hemos preparado.<\/p>\n<p><img decoding=\"async\" class=\"aligncenter size-full wp-image-6114\" src=\"https:\/\/imgcap.capturetheatlas.com\/wp-content\/uploads\/2017\/06\/nino-bandera-cuba-habana-muro.jpg\" alt=\"Ni\u00f1o en cuba Bandera La habana Itinerario de viaje para mochileros norte de cuba en 15 dias\" width=\"1920\" height=\"1277\" srcset=\"https:\/\/imgcap.capturetheatlas.com\/wp-content\/uploads\/2017\/06\/nino-bandera-cuba-habana-muro.jpg 1415w, https:\/\/imgcap.capturetheatlas.com\/wp-content\/uploads\/2017\/06\/nino-bandera-cuba-habana-muro-300x200.jpg 300w, https:\/\/imgcap.capturetheatlas.com\/wp-content\/uploads\/2017\/06\/nino-bandera-cuba-habana-muro-768x511.jpg 768w, https:\/\/imgcap.capturetheatlas.com\/wp-content\/uploads\/2017\/06\/nino-bandera-cuba-habana-muro-1024x681.jpg 1024w, https:\/\/imgcap.capturetheatlas.com\/wp-content\/uploads\/2017\/06\/nino-bandera-cuba-habana-muro-571x380.jpg 571w\" sizes=\"(max-width: 1920px) 100vw, 1920px\" \/><\/p>\n<p style=\"text-align: justify;\">En ella encontrar\u00e1s toda la informaci\u00f3n que necesitas sobre la <strong>mejor \u00e9poca<\/strong> para viajar a Cuba, qu\u00e9<strong>&nbsp;visado<\/strong> es necesario (<strong><a href=\"https:\/\/es.ivisa.com\/?utm_source=capturetheatlas\" target=\"_blank\" rel=\"noopener nofollow noreferrer\">iVisa<\/a><\/strong>), <a href=\"https:\/\/capturetheatlas.com\/es\/seguro-de-viaje-a-cuba\/\" target=\"_blank\" rel=\"noopener noreferrer\"><strong>seguro m\u00e9dico para Cuba<\/strong><\/a>&nbsp;y <strong>vacunas<\/strong>, que opciones de&nbsp;<strong>alojamiento<\/strong>&nbsp;y&nbsp;<strong>transporte<\/strong>&nbsp;hay, <strong>moneda<\/strong> oficial, como tener acceso a <strong>Internet<\/strong> en Cuba y otras cosas indispensables que no debes olvidar en tu <strong>maleta.<\/strong><\/p>\n<p style=\"text-align: justify;\">Tambi\u00e9n te dejo esta <strong><a href=\"https:\/\/capturetheatlas.com\/es\/mejor-seguro-de-viaje\/\" target=\"_blank\" rel=\"noopener noreferrer\">comparativa de seguros de viaje internacionales,<\/a><\/strong> ya que para Cuba es fundamental. Yo misma tuve que usarlo ya que cog\u00ed una infecci\u00f3n de amebas.<\/p>\n\t\t<div data-elementor-type=\"wp-post\" data-elementor-id=\"47593\" class=\"elementor elementor-47593 elementor-47561\" data-elementor-post-type=\"ae_global_templates\">\n\t\t\t\t\t\t<section class=\"elementor-section elementor-top-section elementor-element elementor-element-4ac084bc elementor-section-boxed elementor-section-height-default elementor-section-height-default\" data-id=\"4ac084bc\" data-element_type=\"section\" data-settings=\"{&quot;jet_parallax_layout_list&quot;:[{&quot;jet_parallax_layout_image&quot;:{&quot;url&quot;:&quot;&quot;,&quot;id&quot;:&quot;&quot;,&quot;size&quot;:&quot;&quot;},&quot;_id&quot;:&quot;05cd210&quot;,&quot;jet_parallax_layout_image_tablet&quot;:{&quot;url&quot;:&quot;&quot;,&quot;id&quot;:&quot;&quot;,&quot;size&quot;:&quot;&quot;},&quot;jet_parallax_layout_image_mobile&quot;:{&quot;url&quot;:&quot;&quot;,&quot;id&quot;:&quot;&quot;,&quot;size&quot;:&quot;&quot;},&quot;jet_parallax_layout_speed&quot;:{&quot;unit&quot;:&quot;%&quot;,&quot;size&quot;:50,&quot;sizes&quot;:[]},&quot;jet_parallax_layout_type&quot;:&quot;scroll&quot;,&quot;jet_parallax_layout_direction&quot;:null,&quot;jet_parallax_layout_fx_direction&quot;:null,&quot;jet_parallax_layout_z_index&quot;:&quot;&quot;,&quot;jet_parallax_layout_bg_x&quot;:50,&quot;jet_parallax_layout_bg_x_tablet&quot;:&quot;&quot;,&quot;jet_parallax_layout_bg_x_mobile&quot;:&quot;&quot;,&quot;jet_parallax_layout_bg_y&quot;:50,&quot;jet_parallax_layout_bg_y_tablet&quot;:&quot;&quot;,&quot;jet_parallax_layout_bg_y_mobile&quot;:&quot;&quot;,&quot;jet_parallax_layout_bg_size&quot;:&quot;auto&quot;,&quot;jet_parallax_layout_bg_size_tablet&quot;:&quot;&quot;,&quot;jet_parallax_layout_bg_size_mobile&quot;:&quot;&quot;,&quot;jet_parallax_layout_animation_prop&quot;:&quot;transform&quot;,&quot;jet_parallax_layout_on&quot;:[&quot;desktop&quot;,&quot;tablet&quot;]}]}\">\n\t\t\t\t\t\t<div class=\"elementor-container elementor-column-gap-default\">\n\t\t\t\t\t<div class=\"elementor-column elementor-col-100 elementor-top-column elementor-element elementor-element-3cf4fffd\" data-id=\"3cf4fffd\" data-element_type=\"column\">\n\t\t\t<div class=\"elementor-widget-wrap elementor-element-populated\">\n\t\t\t\t\t\t<section class=\"elementor-section elementor-inner-section elementor-element elementor-element-180b5d47 elementor-section-boxed elementor-section-height-default elementor-section-height-default\" data-id=\"180b5d47\" data-element_type=\"section\" data-settings=\"{&quot;jet_parallax_layout_list&quot;:[{&quot;jet_parallax_layout_image&quot;:{&quot;url&quot;:&quot;&quot;,&quot;id&quot;:&quot;&quot;,&quot;size&quot;:&quot;&quot;},&quot;_id&quot;:&quot;34e8261&quot;,&quot;jet_parallax_layout_image_tablet&quot;:{&quot;url&quot;:&quot;&quot;,&quot;id&quot;:&quot;&quot;,&quot;size&quot;:&quot;&quot;},&quot;jet_parallax_layout_image_mobile&quot;:{&quot;url&quot;:&quot;&quot;,&quot;id&quot;:&quot;&quot;,&quot;size&quot;:&quot;&quot;},&quot;jet_parallax_layout_speed&quot;:{&quot;unit&quot;:&quot;%&quot;,&quot;size&quot;:50,&quot;sizes&quot;:[]},&quot;jet_parallax_layout_type&quot;:&quot;scroll&quot;,&quot;jet_parallax_layout_direction&quot;:null,&quot;jet_parallax_layout_fx_direction&quot;:null,&quot;jet_parallax_layout_z_index&quot;:&quot;&quot;,&quot;jet_parallax_layout_bg_x&quot;:50,&quot;jet_parallax_layout_bg_x_tablet&quot;:&quot;&quot;,&quot;jet_parallax_layout_bg_x_mobile&quot;:&quot;&quot;,&quot;jet_parallax_layout_bg_y&quot;:50,&quot;jet_parallax_layout_bg_y_tablet&quot;:&quot;&quot;,&quot;jet_parallax_layout_bg_y_mobile&quot;:&quot;&quot;,&quot;jet_parallax_layout_bg_size&quot;:&quot;auto&quot;,&quot;jet_parallax_layout_bg_size_tablet&quot;:&quot;&quot;,&quot;jet_parallax_layout_bg_size_mobile&quot;:&quot;&quot;,&quot;jet_parallax_layout_animation_prop&quot;:&quot;transform&quot;,&quot;jet_parallax_layout_on&quot;:[&quot;desktop&quot;,&quot;tablet&quot;]}],&quot;background_background&quot;:&quot;gradient&quot;}\">\n\t\t\t\t\t\t\t<div class=\"elementor-background-overlay\"><\/div>\n\t\t\t\t\t\t\t<div class=\"elementor-container elementor-column-gap-default\">\n\t\t\t\t\t<div class=\"elementor-column elementor-col-50 elementor-inner-column elementor-element elementor-element-5d0879db\" data-id=\"5d0879db\" data-element_type=\"column\">\n\t\t\t<div class=\"elementor-widget-wrap elementor-element-populated\">\n\t\t\t\t\t\t<div class=\"elementor-element elementor-element-9fb10d1 elementor-widget elementor-widget-text-editor\" data-id=\"9fb10d1\" data-element_type=\"widget\" data-widget_type=\"text-editor.default\">\n\t\t\t\t<div class=\"elementor-widget-container\">\n\t\t\t\t\t\t\t\t\t<p style=\"text-align: left;\"><img decoding=\"async\" class=\"alignnone \" src=\"https:\/\/imgcap.capturetheatlas.com\/wp-content\/uploads\/2020\/02\/heymondo-travel-insurance.png\" alt=\"Holafly logo\" width=\"218\" height=\"40\" \/><\/p>\t\t\t\t\t\t\t\t<\/div>\n\t\t\t\t<\/div>\n\t\t\t\t<div class=\"elementor-element elementor-element-7b9b43f8 elementor-widget elementor-widget-text-editor\" data-id=\"7b9b43f8\" data-element_type=\"widget\" data-widget_type=\"text-editor.default\">\n\t\t\t\t<div class=\"elementor-widget-container\">\n\t\t\t\t\t\t\t\t\t<p style=\"text-align: left;\"><span style=\"color: #ffffff;\"><span style=\"font-size: 30px;\"><b>5% <\/b><\/span>de <b>DESCUENTO <\/b>en tu <b>seguro de viaje<\/b><\/span><\/p>\t\t\t\t\t\t\t\t<\/div>\n\t\t\t\t<\/div>\n\t\t\t\t<div class=\"elementor-element elementor-element-11c4a65 elementor-align-left elementor-widget elementor-widget-button\" data-id=\"11c4a65\" data-element_type=\"widget\" data-widget_type=\"button.default\">\n\t\t\t\t<div class=\"elementor-widget-container\">\n\t\t\t\t\t\t\t\t\t<div class=\"elementor-button-wrapper\">\n\t\t\t\t\t<a class=\"elementor-button elementor-button-link elementor-size-md\" href=\"https:\/\/heymondo.es\/?utm_medium=Afiliado&#038;utm_source=Capturetheatlas&#038;cod_descuento=CAPTURETHEATLAS&#038;ag_campaign=CAJA&#038;agencia=8N%2B1T8r1i6UQ8dftZG8ISBT24HUPPW3DaI0PLj3x9%2B8%3D\" target=\"_blank\" rel=\"nofollow\">\n\t\t\t\t\t\t<span class=\"elementor-button-content-wrapper\">\n\t\t\t\t\t\t\t\t\t<span class=\"elementor-button-text\">EL SEGURO QUE USAMOS EN NUESTROS VIAJES<\/span>\n\t\t\t\t\t<\/span>\n\t\t\t\t\t<\/a>\n\t\t\t\t<\/div>\n\t\t\t\t\t\t\t\t<\/div>\n\t\t\t\t<\/div>\n\t\t\t\t\t<\/div>\n\t\t<\/div>\n\t\t\t\t<div class=\"elementor-column elementor-col-50 elementor-inner-column elementor-element elementor-element-fdcd73c\" data-id=\"fdcd73c\" data-element_type=\"column\">\n\t\t\t<div class=\"elementor-widget-wrap elementor-element-populated\">\n\t\t\t\t\t\t<div class=\"elementor-element elementor-element-25265ca elementor-align-right elementor-mobile-align-right elementor-hidden-desktop elementor-hidden-tablet elementor-hidden-mobile elementor-widget elementor-widget-button\" data-id=\"25265ca\" data-element_type=\"widget\" data-widget_type=\"button.default\">\n\t\t\t\t<div class=\"elementor-widget-container\">\n\t\t\t\t\t\t\t\t\t<div class=\"elementor-button-wrapper\">\n\t\t\t\t\t<a class=\"elementor-button elementor-button-link elementor-size-md\" href=\"https:\/\/heymondo.es\/?utm_medium=Afiliado&#038;utm_source=Capturetheatlas&#038;cod_descuento=CAPTURETHEATLAS&#038;ag_campaign=BARRALATERAL&#038;agencia=8N%2B1T8r1i6UQ8dftZG8ISBT24HUPPW3DaI0PLj3x9%2B8%3D\" target=\"_blank\" rel=\"nofollow\">\n\t\t\t\t\t\t<span class=\"elementor-button-content-wrapper\">\n\t\t\t\t\t\t\t\t\t<span class=\"elementor-button-text\">SOLO HASTA EL 29 DE MARZO<\/span>\n\t\t\t\t\t<\/span>\n\t\t\t\t\t<\/a>\n\t\t\t\t<\/div>\n\t\t\t\t\t\t\t\t<\/div>\n\t\t\t\t<\/div>\n\t\t\t\t<div class=\"elementor-element elementor-element-48d73f3 elementor-align-right elementor-widget elementor-widget-button\" data-id=\"48d73f3\" data-element_type=\"widget\" data-widget_type=\"button.default\">\n\t\t\t\t<div class=\"elementor-widget-container\">\n\t\t\t\t\t\t\t\t\t<div class=\"elementor-button-wrapper\">\n\t\t\t\t\t<a class=\"elementor-button elementor-button-link elementor-size-lg\" href=\"https:\/\/heymondo.es\/?utm_medium=Afiliado&#038;utm_source=Capturetheatlas&#038;cod_descuento=CAPTURETHEATLAS&#038;ag_campaign=CAJA&#038;agencia=8N%2B1T8r1i6UQ8dftZG8ISBT24HUPPW3DaI0PLj3x9%2B8%3D\" target=\"_blank\" rel=\"nofollow\">\n\t\t\t\t\t\t<span class=\"elementor-button-content-wrapper\">\n\t\t\t\t\t\t\t\t\t<span class=\"elementor-button-text\">\u00a1CONS\u00cdGUELO AQU\u00cd!<\/span>\n\t\t\t\t\t<\/span>\n\t\t\t\t\t<\/a>\n\t\t\t\t<\/div>\n\t\t\t\t\t\t\t\t<\/div>\n\t\t\t\t<\/div>\n\t\t\t\t\t<\/div>\n\t\t<\/div>\n\t\t\t\t\t<\/div>\n\t\t<\/section>\n\t\t\t\t\t<\/div>\n\t\t<\/div>\n\t\t\t\t\t<\/div>\n\t\t<\/section>\n\t\t\t\t<\/div>\n\t\t\n<h2 style=\"text-align: justify;\"><strong>Mapa de Cuba&nbsp; &#8211; Itinerario de viaje a Cuba en 15 d\u00edas<\/strong><\/h2>\n<p>&nbsp;<\/p>\n<p style=\"text-align: justify;\"><!-- Map Generated CSS --> \n <style>\n.iwm_map_canvas { overflow:hidden; }\n#map_canvas_20 { margin-left: -20%; }\n#map_canvas_20 { margin-top: -10%; }\n#map_canvas_20 { width: 140%; height: 140%; }#iwm_20 .iwm_map_canvas:after { padding-top:42%; }#map_canvas_20 { background-repeat:no-repeat; background-size: 100% 100%; }<\/style><div id=\"iwm_20\"><div class='iwm_map_canvas'><div id='map_canvas_20' class='i_world_map ' class='iwm_map_canvas'><div class='iwm_placeholder'><img width='32px' alt='CUBA - SPANISH Placeholder' title='CUBA - SPANISH' src='https:\/\/capturetheatlas.com\/wp-content\/plugins\/interactive-world-maps\/imgs\/placeholder.png'><br>CUBA - SPANISH<\/div><\/div><\/div><\/div><\/p>\n<h3 style=\"text-align: center;\"><strong>\u00bfOs ven\u00eds con nosotros?<\/strong><\/h3>\n","protected":false},"excerpt":{"rendered":"<p>\u00bfQui\u00e9n no querr\u00eda viajar a Cuba durante los pr\u00f3ximos 15 d\u00edas? Su peculiar situaci\u00f3n pol\u00edtica, junto con su magn\u00edfico clima regalo del Mar Caribe, sus rones y sus playas paradis\u00edacas, atrae la curiosidad de millones de turistas cada a\u00f1o. El r\u00e9gimen comunista y el bloqueo mundial, que a d\u00eda de hoy sigue afectando, han preservado [&hellip;]<\/p>\n","protected":false},"author":1,"featured_media":6114,"comment_status":"open","ping_status":"closed","sticky":false,"template":"","format":"standard","meta":{"_acf_changed":false,"footnotes":""},"categories":[596,286,423],"tags":[],"class_list":["post-6041","post","type-post","status-publish","format-standard","has-post-thumbnail","hentry","category-caribe","category-cuba","category-viajes"],"acf":[],"yoast_head":"<!-- This site is optimized with the Yoast SEO Premium plugin v20.0 (Yoast SEO v26.4) - https:\/\/yoast.com\/wordpress\/plugins\/seo\/ -->\n<title>Viaje a Cuba en 15 D\u00edas - Ruta por Cuba en 2 Semanas<\/title>\n<meta name=\"description\" content=\"La ruta que seguimos en nuestro viaje a Cuba en 15 d\u00edas. Recorriendo la Habana, Cienfuegos, Trinidad, Vi\u00f1ales y Cayo Jut\u00edas. No te la pierdas.\" \/>\n<meta name=\"robots\" content=\"index, follow, max-snippet:-1, max-image-preview:large, max-video-preview:-1\" \/>\n<link rel=\"canonical\" href=\"https:\/\/capturetheatlas.com\/es\/cuba-viaje-15-dias\/\" \/>\n<meta property=\"og:locale\" content=\"es_ES\" \/>\n<meta property=\"og:type\" content=\"article\" \/>\n<meta property=\"og:title\" content=\"Nuestro Viaje a Cuba Durante 15 D\u00edas de Mochileros\" \/>\n<meta property=\"og:description\" content=\"La ruta que seguimos en nuestro viaje a Cuba en 15 d\u00edas. Recorriendo la Habana, Cienfuegos, Trinidad, Vi\u00f1ales y Cayo Jut\u00edas. No te la pierdas.\" \/>\n<meta property=\"og:url\" content=\"https:\/\/capturetheatlas.com\/es\/cuba-viaje-15-dias\/\" \/>\n<meta property=\"og:site_name\" content=\"Capture the Atlas\" \/>\n<meta property=\"article:publisher\" content=\"https:\/\/www.facebook.com\/capturetheatlas\/\" \/>\n<meta property=\"article:author\" content=\"https:\/\/www.facebook.com\/capturetheatlas\/\" \/>\n<meta property=\"article:published_time\" content=\"2017-07-03T17:02:17+00:00\" \/>\n<meta property=\"article:modified_time\" content=\"2023-05-29T17:10:42+00:00\" \/>\n<meta property=\"og:image\" content=\"https:\/\/imgcap.capturetheatlas.com\/wp-content\/uploads\/2017\/06\/nino-bandera-cuba-habana-muro.jpg\" \/>\n\t<meta property=\"og:image:width\" content=\"1415\" \/>\n\t<meta property=\"og:image:height\" content=\"941\" \/>\n\t<meta property=\"og:image:type\" content=\"image\/jpeg\" \/>\n<meta name=\"author\" content=\"Ascen Aynat\" \/>\n<meta name=\"twitter:label1\" content=\"Escrito por\" \/>\n\t<meta name=\"twitter:data1\" content=\"Ascen Aynat\" \/>\n\t<meta name=\"twitter:label2\" content=\"Tiempo de lectura\" \/>\n\t<meta name=\"twitter:data2\" content=\"13 minutos\" \/>\n<script type=\"application\/ld+json\" class=\"yoast-schema-graph\">{\"@context\":\"https:\/\/schema.org\",\"@graph\":[{\"@type\":\"Article\",\"@id\":\"https:\/\/capturetheatlas.com\/es\/cuba-viaje-15-dias\/#article\",\"isPartOf\":{\"@id\":\"https:\/\/capturetheatlas.com\/es\/cuba-viaje-15-dias\/\"},\"author\":{\"name\":\"Ascen Aynat\",\"@id\":\"https:\/\/capturetheatlas.com\/es\/#\/schema\/person\/bbef6bc7b085062bc0dfa102d06fa6d4\"},\"headline\":\"Nuestro Viaje a Cuba Durante 15 D\u00edas de Mochileros\",\"datePublished\":\"2017-07-03T17:02:17+00:00\",\"dateModified\":\"2023-05-29T17:10:42+00:00\",\"mainEntityOfPage\":{\"@id\":\"https:\/\/capturetheatlas.com\/es\/cuba-viaje-15-dias\/\"},\"wordCount\":1967,\"commentCount\":17,\"publisher\":{\"@id\":\"https:\/\/capturetheatlas.com\/es\/#organization\"},\"image\":{\"@id\":\"https:\/\/capturetheatlas.com\/es\/cuba-viaje-15-dias\/#primaryimage\"},\"thumbnailUrl\":\"https:\/\/imgcap.capturetheatlas.com\/wp-content\/uploads\/2017\/06\/nino-bandera-cuba-habana-muro.jpg\",\"articleSection\":[\"Caribe\",\"Cuba\",\"Viajes\"],\"inLanguage\":\"es\",\"potentialAction\":[{\"@type\":\"CommentAction\",\"name\":\"Comment\",\"target\":[\"https:\/\/capturetheatlas.com\/es\/cuba-viaje-15-dias\/#respond\"]}]},{\"@type\":\"WebPage\",\"@id\":\"https:\/\/capturetheatlas.com\/es\/cuba-viaje-15-dias\/\",\"url\":\"https:\/\/capturetheatlas.com\/es\/cuba-viaje-15-dias\/\",\"name\":\"Viaje a Cuba en 15 D\u00edas - Ruta por Cuba en 2 Semanas\",\"isPartOf\":{\"@id\":\"https:\/\/capturetheatlas.com\/es\/#website\"},\"primaryImageOfPage\":{\"@id\":\"https:\/\/capturetheatlas.com\/es\/cuba-viaje-15-dias\/#primaryimage\"},\"image\":{\"@id\":\"https:\/\/capturetheatlas.com\/es\/cuba-viaje-15-dias\/#primaryimage\"},\"thumbnailUrl\":\"https:\/\/imgcap.capturetheatlas.com\/wp-content\/uploads\/2017\/06\/nino-bandera-cuba-habana-muro.jpg\",\"datePublished\":\"2017-07-03T17:02:17+00:00\",\"dateModified\":\"2023-05-29T17:10:42+00:00\",\"description\":\"La ruta que seguimos en nuestro viaje a Cuba en 15 d\u00edas. Recorriendo la Habana, Cienfuegos, Trinidad, Vi\u00f1ales y Cayo Jut\u00edas. No te la pierdas.\",\"breadcrumb\":{\"@id\":\"https:\/\/capturetheatlas.com\/es\/cuba-viaje-15-dias\/#breadcrumb\"},\"inLanguage\":\"es\",\"potentialAction\":[{\"@type\":\"ReadAction\",\"target\":[\"https:\/\/capturetheatlas.com\/es\/cuba-viaje-15-dias\/\"]}]},{\"@type\":\"ImageObject\",\"inLanguage\":\"es\",\"@id\":\"https:\/\/capturetheatlas.com\/es\/cuba-viaje-15-dias\/#primaryimage\",\"url\":\"https:\/\/imgcap.capturetheatlas.com\/wp-content\/uploads\/2017\/06\/nino-bandera-cuba-habana-muro.jpg\",\"contentUrl\":\"https:\/\/imgcap.capturetheatlas.com\/wp-content\/uploads\/2017\/06\/nino-bandera-cuba-habana-muro.jpg\",\"width\":1415,\"height\":941,\"caption\":\"15 dias en cuba itinerario dos semanas ni\u00f1o bandera cuba\"},{\"@type\":\"BreadcrumbList\",\"@id\":\"https:\/\/capturetheatlas.com\/es\/cuba-viaje-15-dias\/#breadcrumb\",\"itemListElement\":[{\"@type\":\"ListItem\",\"position\":1,\"name\":\"Home\",\"item\":\"https:\/\/capturetheatlas.com\/es\/\"},{\"@type\":\"ListItem\",\"position\":2,\"name\":\"Viajes\",\"item\":\"https:\/\/capturetheatlas.com\/es\/viajes\/\"},{\"@type\":\"ListItem\",\"position\":3,\"name\":\"Caribe\",\"item\":\"https:\/\/capturetheatlas.com\/es\/viajes\/caribe\/\"},{\"@type\":\"ListItem\",\"position\":4,\"name\":\"Cuba\",\"item\":\"https:\/\/capturetheatlas.com\/es\/viajes\/caribe\/cuba\/\"},{\"@type\":\"ListItem\",\"position\":5,\"name\":\"Nuestro Viaje a Cuba Durante 15 D\u00edas de Mochileros\"}]},{\"@type\":\"WebSite\",\"@id\":\"https:\/\/capturetheatlas.com\/es\/#website\",\"url\":\"https:\/\/capturetheatlas.com\/es\/\",\"name\":\"Capture the Atlas\",\"description\":\"PHOTOGRAPHY \u00b7 TRAVEL \u00b7 ADVENTURE\",\"publisher\":{\"@id\":\"https:\/\/capturetheatlas.com\/es\/#organization\"},\"potentialAction\":[{\"@type\":\"SearchAction\",\"target\":{\"@type\":\"EntryPoint\",\"urlTemplate\":\"https:\/\/capturetheatlas.com\/es\/?s={search_term_string}\"},\"query-input\":{\"@type\":\"PropertyValueSpecification\",\"valueRequired\":true,\"valueName\":\"search_term_string\"}}],\"inLanguage\":\"es\"},{\"@type\":\"Organization\",\"@id\":\"https:\/\/capturetheatlas.com\/es\/#organization\",\"name\":\"Capture the Atlas\",\"url\":\"https:\/\/capturetheatlas.com\/es\/\",\"logo\":{\"@type\":\"ImageObject\",\"inLanguage\":\"es\",\"@id\":\"https:\/\/capturetheatlas.com\/es\/#\/schema\/logo\/image\/\",\"url\":\"https:\/\/imgcap.capturetheatlas.com\/wp-content\/uploads\/2024\/03\/PNG-white-background-small.png\",\"contentUrl\":\"https:\/\/imgcap.capturetheatlas.com\/wp-content\/uploads\/2024\/03\/PNG-white-background-small.png\",\"width\":500,\"height\":500,\"caption\":\"Capture the Atlas\"},\"image\":{\"@id\":\"https:\/\/capturetheatlas.com\/es\/#\/schema\/logo\/image\/\"},\"sameAs\":[\"https:\/\/www.facebook.com\/capturetheatlas\/\",\"https:\/\/x.com\/capturetheatlas\",\"https:\/\/www.instagram.com\/capturetheatlas\/\",\"https:\/\/www.youtube.com\/channel\/UCJJlhj2psDvxXGhR3CmDeZg\",\"https:\/\/pinterest.com\/capturetheatlas\/\",\"https:\/\/www.linkedin.com\/company\/capture-the-atlas\/\"]},{\"@type\":\"Person\",\"@id\":\"https:\/\/capturetheatlas.com\/es\/#\/schema\/person\/bbef6bc7b085062bc0dfa102d06fa6d4\",\"name\":\"Ascen Aynat\",\"image\":{\"@type\":\"ImageObject\",\"inLanguage\":\"es\",\"@id\":\"https:\/\/capturetheatlas.com\/es\/#\/schema\/person\/image\/\",\"url\":\"https:\/\/secure.gravatar.com\/avatar\/22a4f7933f8911e325af81b1380680461df182a6caac247fb9476d2f657f8b89?s=96&d=mm&r=g\",\"contentUrl\":\"https:\/\/secure.gravatar.com\/avatar\/22a4f7933f8911e325af81b1380680461df182a6caac247fb9476d2f657f8b89?s=96&d=mm&r=g\",\"caption\":\"Ascen Aynat\"},\"description\":\"Hey there, I'm Ascen, your personal trip planner on a mission to help you craft the most incredible adventure of your life. While I'm based in Las Vegas, you won't find me there often. As a full-time traveler, I'm always on the go, exploring new destinations and capturing the world through my lens. From the enchanting shores of Almeria, Spain, where I grew up, to the far reaches of the globe, I'm here to provide you with detailed travel guides and practical tips to make your trip planning a breeze. Find out more about me here.\",\"sameAs\":[\"https:\/\/ascenaynat.com\",\"https:\/\/www.facebook.com\/capturetheatlas\/\",\"https:\/\/www.instagram.com\/capturetheatlas\/\",\"https:\/\/www.linkedin.com\/in\/ascensionaynat\/en\",\"https:\/\/pinterest.com\/capturetheatlas\/\"],\"honorificPrefix\":\"Ms\",\"birthDate\":\"1990-12-29\",\"gender\":\"female\",\"award\":[\"Best Travel Blog - 2024\"],\"knowsAbout\":[\"Travel Blogging\",\"Travel Logistics\",\"Photography\"],\"knowsLanguage\":[\"English\",\"Spanish\"],\"jobTitle\":\"Owner\",\"worksFor\":\"Capture the Atlas\",\"url\":\"https:\/\/capturetheatlas.com\/es\/author\/admin\/\"}]}<\/script>\n<!-- \/ Yoast SEO Premium plugin. -->","yoast_head_json":{"title":"Viaje a Cuba en 15 D\u00edas - Ruta por Cuba en 2 Semanas","description":"La ruta que seguimos en nuestro viaje a Cuba en 15 d\u00edas. Recorriendo la Habana, Cienfuegos, Trinidad, Vi\u00f1ales y Cayo Jut\u00edas. No te la pierdas.","robots":{"index":"index","follow":"follow","max-snippet":"max-snippet:-1","max-image-preview":"max-image-preview:large","max-video-preview":"max-video-preview:-1"},"canonical":"https:\/\/capturetheatlas.com\/es\/cuba-viaje-15-dias\/","og_locale":"es_ES","og_type":"article","og_title":"Nuestro Viaje a Cuba Durante 15 D\u00edas de Mochileros","og_description":"La ruta que seguimos en nuestro viaje a Cuba en 15 d\u00edas. Recorriendo la Habana, Cienfuegos, Trinidad, Vi\u00f1ales y Cayo Jut\u00edas. No te la pierdas.","og_url":"https:\/\/capturetheatlas.com\/es\/cuba-viaje-15-dias\/","og_site_name":"Capture the Atlas","article_publisher":"https:\/\/www.facebook.com\/capturetheatlas\/","article_author":"https:\/\/www.facebook.com\/capturetheatlas\/","article_published_time":"2017-07-03T17:02:17+00:00","article_modified_time":"2023-05-29T17:10:42+00:00","og_image":[{"width":1415,"height":941,"url":"https:\/\/imgcap.capturetheatlas.com\/wp-content\/uploads\/2017\/06\/nino-bandera-cuba-habana-muro.jpg","type":"image\/jpeg"}],"author":"Ascen Aynat","twitter_misc":{"Escrito por":"Ascen Aynat","Tiempo de lectura":"13 minutos"},"schema":{"@context":"https:\/\/schema.org","@graph":[{"@type":"Article","@id":"https:\/\/capturetheatlas.com\/es\/cuba-viaje-15-dias\/#article","isPartOf":{"@id":"https:\/\/capturetheatlas.com\/es\/cuba-viaje-15-dias\/"},"author":{"name":"Ascen Aynat","@id":"https:\/\/capturetheatlas.com\/es\/#\/schema\/person\/bbef6bc7b085062bc0dfa102d06fa6d4"},"headline":"Nuestro Viaje a Cuba Durante 15 D\u00edas de Mochileros","datePublished":"2017-07-03T17:02:17+00:00","dateModified":"2023-05-29T17:10:42+00:00","mainEntityOfPage":{"@id":"https:\/\/capturetheatlas.com\/es\/cuba-viaje-15-dias\/"},"wordCount":1967,"commentCount":17,"publisher":{"@id":"https:\/\/capturetheatlas.com\/es\/#organization"},"image":{"@id":"https:\/\/capturetheatlas.com\/es\/cuba-viaje-15-dias\/#primaryimage"},"thumbnailUrl":"https:\/\/imgcap.capturetheatlas.com\/wp-content\/uploads\/2017\/06\/nino-bandera-cuba-habana-muro.jpg","articleSection":["Caribe","Cuba","Viajes"],"inLanguage":"es","potentialAction":[{"@type":"CommentAction","name":"Comment","target":["https:\/\/capturetheatlas.com\/es\/cuba-viaje-15-dias\/#respond"]}]},{"@type":"WebPage","@id":"https:\/\/capturetheatlas.com\/es\/cuba-viaje-15-dias\/","url":"https:\/\/capturetheatlas.com\/es\/cuba-viaje-15-dias\/","name":"Viaje a Cuba en 15 D\u00edas - Ruta por Cuba en 2 Semanas","isPartOf":{"@id":"https:\/\/capturetheatlas.com\/es\/#website"},"primaryImageOfPage":{"@id":"https:\/\/capturetheatlas.com\/es\/cuba-viaje-15-dias\/#primaryimage"},"image":{"@id":"https:\/\/capturetheatlas.com\/es\/cuba-viaje-15-dias\/#primaryimage"},"thumbnailUrl":"https:\/\/imgcap.capturetheatlas.com\/wp-content\/uploads\/2017\/06\/nino-bandera-cuba-habana-muro.jpg","datePublished":"2017-07-03T17:02:17+00:00","dateModified":"2023-05-29T17:10:42+00:00","description":"La ruta que seguimos en nuestro viaje a Cuba en 15 d\u00edas. Recorriendo la Habana, Cienfuegos, Trinidad, Vi\u00f1ales y Cayo Jut\u00edas. No te la pierdas.","breadcrumb":{"@id":"https:\/\/capturetheatlas.com\/es\/cuba-viaje-15-dias\/#breadcrumb"},"inLanguage":"es","potentialAction":[{"@type":"ReadAction","target":["https:\/\/capturetheatlas.com\/es\/cuba-viaje-15-dias\/"]}]},{"@type":"ImageObject","inLanguage":"es","@id":"https:\/\/capturetheatlas.com\/es\/cuba-viaje-15-dias\/#primaryimage","url":"https:\/\/imgcap.capturetheatlas.com\/wp-content\/uploads\/2017\/06\/nino-bandera-cuba-habana-muro.jpg","contentUrl":"https:\/\/imgcap.capturetheatlas.com\/wp-content\/uploads\/2017\/06\/nino-bandera-cuba-habana-muro.jpg","width":1415,"height":941,"caption":"15 dias en cuba itinerario dos semanas ni\u00f1o bandera cuba"},{"@type":"BreadcrumbList","@id":"https:\/\/capturetheatlas.com\/es\/cuba-viaje-15-dias\/#breadcrumb","itemListElement":[{"@type":"ListItem","position":1,"name":"Home","item":"https:\/\/capturetheatlas.com\/es\/"},{"@type":"ListItem","position":2,"name":"Viajes","item":"https:\/\/capturetheatlas.com\/es\/viajes\/"},{"@type":"ListItem","position":3,"name":"Caribe","item":"https:\/\/capturetheatlas.com\/es\/viajes\/caribe\/"},{"@type":"ListItem","position":4,"name":"Cuba","item":"https:\/\/capturetheatlas.com\/es\/viajes\/caribe\/cuba\/"},{"@type":"ListItem","position":5,"name":"Nuestro Viaje a Cuba Durante 15 D\u00edas de Mochileros"}]},{"@type":"WebSite","@id":"https:\/\/capturetheatlas.com\/es\/#website","url":"https:\/\/capturetheatlas.com\/es\/","name":"Capture the Atlas","description":"PHOTOGRAPHY \u00b7 TRAVEL \u00b7 ADVENTURE","publisher":{"@id":"https:\/\/capturetheatlas.com\/es\/#organization"},"potentialAction":[{"@type":"SearchAction","target":{"@type":"EntryPoint","urlTemplate":"https:\/\/capturetheatlas.com\/es\/?s={search_term_string}"},"query-input":{"@type":"PropertyValueSpecification","valueRequired":true,"valueName":"search_term_string"}}],"inLanguage":"es"},{"@type":"Organization","@id":"https:\/\/capturetheatlas.com\/es\/#organization","name":"Capture the Atlas","url":"https:\/\/capturetheatlas.com\/es\/","logo":{"@type":"ImageObject","inLanguage":"es","@id":"https:\/\/capturetheatlas.com\/es\/#\/schema\/logo\/image\/","url":"https:\/\/imgcap.capturetheatlas.com\/wp-content\/uploads\/2024\/03\/PNG-white-background-small.png","contentUrl":"https:\/\/imgcap.capturetheatlas.com\/wp-content\/uploads\/2024\/03\/PNG-white-background-small.png","width":500,"height":500,"caption":"Capture the Atlas"},"image":{"@id":"https:\/\/capturetheatlas.com\/es\/#\/schema\/logo\/image\/"},"sameAs":["https:\/\/www.facebook.com\/capturetheatlas\/","https:\/\/x.com\/capturetheatlas","https:\/\/www.instagram.com\/capturetheatlas\/","https:\/\/www.youtube.com\/channel\/UCJJlhj2psDvxXGhR3CmDeZg","https:\/\/pinterest.com\/capturetheatlas\/","https:\/\/www.linkedin.com\/company\/capture-the-atlas\/"]},{"@type":"Person","@id":"https:\/\/capturetheatlas.com\/es\/#\/schema\/person\/bbef6bc7b085062bc0dfa102d06fa6d4","name":"Ascen Aynat","image":{"@type":"ImageObject","inLanguage":"es","@id":"https:\/\/capturetheatlas.com\/es\/#\/schema\/person\/image\/","url":"https:\/\/secure.gravatar.com\/avatar\/22a4f7933f8911e325af81b1380680461df182a6caac247fb9476d2f657f8b89?s=96&d=mm&r=g","contentUrl":"https:\/\/secure.gravatar.com\/avatar\/22a4f7933f8911e325af81b1380680461df182a6caac247fb9476d2f657f8b89?s=96&d=mm&r=g","caption":"Ascen Aynat"},"description":"Hey there, I'm Ascen, your personal trip planner on a mission to help you craft the most incredible adventure of your life. While I'm based in Las Vegas, you won't find me there often. As a full-time traveler, I'm always on the go, exploring new destinations and capturing the world through my lens. From the enchanting shores of Almeria, Spain, where I grew up, to the far reaches of the globe, I'm here to provide you with detailed travel guides and practical tips to make your trip planning a breeze. Find out more about me here.","sameAs":["https:\/\/ascenaynat.com","https:\/\/www.facebook.com\/capturetheatlas\/","https:\/\/www.instagram.com\/capturetheatlas\/","https:\/\/www.linkedin.com\/in\/ascensionaynat\/en","https:\/\/pinterest.com\/capturetheatlas\/"],"honorificPrefix":"Ms","birthDate":"1990-12-29","gender":"female","award":["Best Travel Blog - 2024"],"knowsAbout":["Travel Blogging","Travel Logistics","Photography"],"knowsLanguage":["English","Spanish"],"jobTitle":"Owner","worksFor":"Capture the Atlas","url":"https:\/\/capturetheatlas.com\/es\/author\/admin\/"}]}},"_links":{"self":[{"href":"https:\/\/capturetheatlas.com\/es\/wp-json\/wp\/v2\/posts\/6041","targetHints":{"allow":["GET"]}}],"collection":[{"href":"https:\/\/capturetheatlas.com\/es\/wp-json\/wp\/v2\/posts"}],"about":[{"href":"https:\/\/capturetheatlas.com\/es\/wp-json\/wp\/v2\/types\/post"}],"author":[{"embeddable":true,"href":"https:\/\/capturetheatlas.com\/es\/wp-json\/wp\/v2\/users\/1"}],"replies":[{"embeddable":true,"href":"https:\/\/capturetheatlas.com\/es\/wp-json\/wp\/v2\/comments?post=6041"}],"version-history":[{"count":0,"href":"https:\/\/capturetheatlas.com\/es\/wp-json\/wp\/v2\/posts\/6041\/revisions"}],"wp:featuredmedia":[{"embeddable":true,"href":"https:\/\/capturetheatlas.com\/es\/wp-json\/wp\/v2\/media\/6114"}],"wp:attachment":[{"href":"https:\/\/capturetheatlas.com\/es\/wp-json\/wp\/v2\/media?parent=6041"}],"wp:term":[{"taxonomy":"category","embeddable":true,"href":"https:\/\/capturetheatlas.com\/es\/wp-json\/wp\/v2\/categories?post=6041"},{"taxonomy":"post_tag","embeddable":true,"href":"https:\/\/capturetheatlas.com\/es\/wp-json\/wp\/v2\/tags?post=6041"}],"curies":[{"name":"wp","href":"https:\/\/api.w.org\/{rel}","templated":true}]}}